{"id":13633,"date":"2021-09-22T00:45:00","date_gmt":"2021-09-22T00:45:00","guid":{"rendered":"http:\/\/radiokfor.com\/2\/?p=13633"},"modified":"2021-09-22T14:24:06","modified_gmt":"2021-09-22T14:24:06","slug":"o-rekama-sar-planine","status":"publish","type":"post","link":"https:\/\/radiokfor.com\/2\/o-rekama-sar-planine\/","title":{"rendered":"O rekama \u0160ar-planine"},"content":{"rendered":"<p>Nevladina organizacija \u201eGAIA\u201c raspisuje konkurs za radove na temu \u0160ar-planine i njenih reka. Radovi mogu biti u obliku fotografija, video snimaka, pesama i pri\u010da.<\/p>\n<p>U pitanju je otvoreni poziv svim fotografima, foto-reporterima, piscima, pesnicima ili entuzijastima koji dele zajedni\u010dku ljubav prema ovoj planini i njenim rekama.<\/p>\n<p>O samom konkursu smo razgovarali sa predstavnicom ove organizacije, Mevljude Skuro\u0161i (Mevlude Skuroshi) koja nam je dala vi\u0161e detalja.<\/p>\n<p><em>\u201eKonkurs za fotografije i kratke pri\u010de deo je projekta \u201e<strong>Rivers of Shar<\/strong>\u201c koji sprovodi GAIA Kosovo i podr\u017eava ambasada \u0160vajcarske na Kosovu. Ovo je mali poku\u0161aj prikaza lepota same \u0160ar planine i mali napor da se dokumentuje pri\u010da o rekama \u0160ar-planine. Molimo sve zainteresovane da nam se jave na <\/em><a href=\"mailto:riversofsharr@gmail.com\"><em>riversofsharr@gmail.com<\/em><\/a><em>, a rok za prijem radova je 25. septembar.<\/em><\/p>\n<p>Jedan od glavnih uslova jeste da je u pitanju originalni rad bez obzira kada je nastao, a nema ograni\u010denja u broju radova koje je mogu\u0107e poslati. Radovi mogu biti na bilo kom jeziku koji se koristi u okolini \u0160ar-planine (srpski, albanski, makedonski, turski&#8230;), potrebno ih je poslati do 25. septembra.<\/p>\n<p>Najbolji radovi \u0107e biti izlo\u017eeni i nagra\u0111eni, a o svim detaljima konkursa informi\u0161ite se <a href=\"https:\/\/www.facebook.com\/Rivers-of-Sharr-113350281007431\/\">ovde.<\/a><\/p>\n","protected":false},"excerpt":{"rendered":"<p>Nevladina organizacija \u201eGAIA\u201c raspisuje konkurs za radove na temu \u0160ar-planine i njenih reka. Radovi mogu biti u obliku fotografija, video snimaka, pesama i pri\u010da. U pitanju je otvoreni poziv svim fotografima, foto-reporterima, piscima, pesnicima ili entuzijastima koji dele zajedni\u010dku ljubav prema ovoj planini i njenim rekama. O samom konkursu smo razgovarali sa predstavnicom ove organizacije,&hellip;<\/p>\n","protected":false},"author":2,"featured_media":13635,"comment_status":"closed","ping_status":"closed","sticky":false,"template":"","format":"standard","meta":{"footnotes":""},"categories":[2],"tags":[],"class_list":["post-13633","post","type-post","status-publish","format-standard","has-post-thumbnail","hentry","category-news","category-2","description-off"],"_links":{"self":[{"href":"https:\/\/radiokfor.com\/2\/wp-json\/wp\/v2\/posts\/13633","targetHints":{"allow":["GET"]}}],"collection":[{"href":"https:\/\/radiokfor.com\/2\/wp-json\/wp\/v2\/posts"}],"about":[{"href":"https:\/\/radiokfor.com\/2\/wp-json\/wp\/v2\/types\/post"}],"author":[{"embeddable":true,"href":"https:\/\/radiokfor.com\/2\/wp-json\/wp\/v2\/users\/2"}],"replies":[{"embeddable":true,"href":"https:\/\/radiokfor.com\/2\/wp-json\/wp\/v2\/comments?post=13633"}],"version-history":[{"count":1,"href":"https:\/\/radiokfor.com\/2\/wp-json\/wp\/v2\/posts\/13633\/revisions"}],"predecessor-version":[{"id":13636,"href":"https:\/\/radiokfor.com\/2\/wp-json\/wp\/v2\/posts\/13633\/revisions\/13636"}],"wp:featuredmedia":[{"embeddable":true,"href":"https:\/\/radiokfor.com\/2\/wp-json\/wp\/v2\/media\/13635"}],"wp:attachment":[{"href":"https:\/\/radiokfor.com\/2\/wp-json\/wp\/v2\/media?parent=13633"}],"wp:term":[{"taxonomy":"category","embeddable":true,"href":"https:\/\/radiokfor.com\/2\/wp-json\/wp\/v2\/categories?post=13633"},{"taxonomy":"post_tag","embeddable":true,"href":"https:\/\/radiokfor.com\/2\/wp-json\/wp\/v2\/tags?post=13633"}],"curies":[{"name":"wp","href":"https:\/\/api.w.org\/{rel}","templated":true}]}}