{"id":13606,"date":"2021-09-15T11:52:30","date_gmt":"2021-09-15T11:52:30","guid":{"rendered":"http:\/\/radiokfor.com\/2\/?p=13606"},"modified":"2021-09-15T13:11:18","modified_gmt":"2021-09-15T13:11:18","slug":"restauracija-kule-sa-satom-u-pristini","status":"publish","type":"post","link":"https:\/\/radiokfor.com\/2\/restauracija-kule-sa-satom-u-pristini\/","title":{"rendered":"Restauracija Kule sa satom u Pri\u0161tini"},"content":{"rendered":"<p>Organizacija \u201eKulturno nasle\u0111e bez granica\u201c (CHvB Kosovo), koja je posvec\u0301ena o\u010duvanju kulturnog nasle\u0111a, organizuje radionicu gde c\u0301e odabrani u\u0107esnici raditi na restauraciji <strong>Kule sa satom u Pri\u0161tini<\/strong>, izgra\u0111ene u 19. veku, sa kulturnim, istorijskim i arhitektonskim vrednostima.<\/p>\n<p>Menad\u017eerka projekta, Kaltrina Ta\u0107i (Kaltrina Thaqi), rekla je za Radio KFOR da c\u0301e se ovaj multietni\u010dki projekat odr\u017eati od 4. do 15. decembra, sa lokalnim i me\u0111unarodnim predava\u010dima i restauratorima.<\/p>\n<p><em>\u00a0\u201eOvaj restoracijski kamp ima za cilj da studente arhitekture, kulturnog nasle\u0111a, etnologije ili drugih relevantnih oblasti, za 12 dana nau\u010di vi\u0161e o materijalima i tehnikama restauracije istorijskih gra\u0111evina. Rok za prijavu studenata se zavr\u0161ava danas (15. septembar) i o\u010dekujemo prijave studenata iz svih zajednica, sa svih univerziteta na Kosovu. Tokom proteklih kampova imali smo razli\u010dite u\u010desnike, jer je jedna od restauriranih zgrada pripadala svim zajednicama.&#8221;<\/em><\/p>\n<p>Radionica na temu \u201ePitanje je vremena: Restoracijski kamp u Pri\u0161tinskoj kuli sa satom\u201c deo je projekta \u201eKulturno nasle\u0111e kao promoter dijaloga izme\u0111u zajednica i kohezije\u201c, koji sprovodi UNDP i finansira Instrument Evropske unije koji doprinosi stabilnosti i miru (IcSP).<\/p>\n","protected":false},"excerpt":{"rendered":"<p>Organizacija \u201eKulturno nasle\u0111e bez granica\u201c (CHvB Kosovo), koja je posvec\u0301ena o\u010duvanju kulturnog nasle\u0111a, organizuje radionicu gde c\u0301e odabrani u\u0107esnici raditi na restauraciji Kule sa satom u Pri\u0161tini, izgra\u0111ene u 19. veku, sa kulturnim, istorijskim i arhitektonskim vrednostima. Menad\u017eerka projekta, Kaltrina Ta\u0107i (Kaltrina Thaqi), rekla je za Radio KFOR da c\u0301e se ovaj multietni\u010dki projekat odr\u017eati&hellip;<\/p>\n","protected":false},"author":9,"featured_media":13607,"comment_status":"closed","ping_status":"closed","sticky":false,"template":"","format":"standard","meta":{"footnotes":""},"categories":[2],"tags":[],"class_list":["post-13606","post","type-post","status-publish","format-standard","has-post-thumbnail","hentry","category-news","category-2","description-off"],"_links":{"self":[{"href":"https:\/\/radiokfor.com\/2\/wp-json\/wp\/v2\/posts\/13606","targetHints":{"allow":["GET"]}}],"collection":[{"href":"https:\/\/radiokfor.com\/2\/wp-json\/wp\/v2\/posts"}],"about":[{"href":"https:\/\/radiokfor.com\/2\/wp-json\/wp\/v2\/types\/post"}],"author":[{"embeddable":true,"href":"https:\/\/radiokfor.com\/2\/wp-json\/wp\/v2\/users\/9"}],"replies":[{"embeddable":true,"href":"https:\/\/radiokfor.com\/2\/wp-json\/wp\/v2\/comments?post=13606"}],"version-history":[{"count":3,"href":"https:\/\/radiokfor.com\/2\/wp-json\/wp\/v2\/posts\/13606\/revisions"}],"predecessor-version":[{"id":13610,"href":"https:\/\/radiokfor.com\/2\/wp-json\/wp\/v2\/posts\/13606\/revisions\/13610"}],"wp:featuredmedia":[{"embeddable":true,"href":"https:\/\/radiokfor.com\/2\/wp-json\/wp\/v2\/media\/13607"}],"wp:attachment":[{"href":"https:\/\/radiokfor.com\/2\/wp-json\/wp\/v2\/media?parent=13606"}],"wp:term":[{"taxonomy":"category","embeddable":true,"href":"https:\/\/radiokfor.com\/2\/wp-json\/wp\/v2\/categories?post=13606"},{"taxonomy":"post_tag","embeddable":true,"href":"https:\/\/radiokfor.com\/2\/wp-json\/wp\/v2\/tags?post=13606"}],"curies":[{"name":"wp","href":"https:\/\/api.w.org\/{rel}","templated":true}]}}