{"id":13600,"date":"2021-09-15T06:49:42","date_gmt":"2021-09-15T06:49:42","guid":{"rendered":"http:\/\/radiokfor.com\/2\/?p=13600"},"modified":"2021-09-15T06:49:42","modified_gmt":"2021-09-15T06:49:42","slug":"danas-je-medunarodni-dan-demokratije-2","status":"publish","type":"post","link":"https:\/\/radiokfor.com\/2\/danas-je-medunarodni-dan-demokratije-2\/","title":{"rendered":"Danas je Me\u0111unarodni dan demokratije"},"content":{"rendered":"<p>Generalna skup\u0161tina UN je 2007. godine donela je odluku o progla\u0161enju 15. septembra za Me\u0111unarodni dan demokratije, pozivaju\u0107i sve \u010dlanice, vladine i nevladine organizacije da ubudu\u0107e taj dan obela\u017eavaju kao dan borbe za ostvarenje demokratskih ideala.<\/p>\n<p>\u201cOstvarivanju demokratskih principa smo du\u017eni da te\u017eimo jer demokratija zaista predstavlja univerzalnu vrednost, uva\u017eavaju\u0107i slobodnu volju naroda da sam odre\u0111uje svoj politi\u010dki, ekonomski, kulturni i dru\u0161tveni sistem i da u potpunosti odlu\u010duje u svim aspektima \u017eivota slobodno\u201d, napominje pravnik Aleksandra Leki\u0107.<\/p>\n<p>Me\u0111unarodni dan demokratije pravi je momenat da se kao dru\u0161tvo podsetimo na va\u017enost demokratskih procesa od kojih umnogome zavise i svi ostali, a posebno kvalitet \u017eivota.<\/p>\n","protected":false},"excerpt":{"rendered":"<p>Generalna skup\u0161tina UN je 2007. godine donela je odluku o progla\u0161enju 15. septembra za Me\u0111unarodni dan demokratije, pozivaju\u0107i sve \u010dlanice, vladine i nevladine organizacije da ubudu\u0107e taj dan obela\u017eavaju kao dan borbe za ostvarenje demokratskih ideala. \u201cOstvarivanju demokratskih principa smo du\u017eni da te\u017eimo jer demokratija zaista predstavlja univerzalnu vrednost, uva\u017eavaju\u0107i slobodnu volju naroda da sam&hellip;<\/p>\n","protected":false},"author":11,"featured_media":13601,"comment_status":"closed","ping_status":"closed","sticky":false,"template":"","format":"standard","meta":{"footnotes":""},"categories":[2],"tags":[],"class_list":["post-13600","post","type-post","status-publish","format-standard","has-post-thumbnail","hentry","category-news","category-2","description-off"],"_links":{"self":[{"href":"https:\/\/radiokfor.com\/2\/wp-json\/wp\/v2\/posts\/13600","targetHints":{"allow":["GET"]}}],"collection":[{"href":"https:\/\/radiokfor.com\/2\/wp-json\/wp\/v2\/posts"}],"about":[{"href":"https:\/\/radiokfor.com\/2\/wp-json\/wp\/v2\/types\/post"}],"author":[{"embeddable":true,"href":"https:\/\/radiokfor.com\/2\/wp-json\/wp\/v2\/users\/11"}],"replies":[{"embeddable":true,"href":"https:\/\/radiokfor.com\/2\/wp-json\/wp\/v2\/comments?post=13600"}],"version-history":[{"count":1,"href":"https:\/\/radiokfor.com\/2\/wp-json\/wp\/v2\/posts\/13600\/revisions"}],"predecessor-version":[{"id":13602,"href":"https:\/\/radiokfor.com\/2\/wp-json\/wp\/v2\/posts\/13600\/revisions\/13602"}],"wp:featuredmedia":[{"embeddable":true,"href":"https:\/\/radiokfor.com\/2\/wp-json\/wp\/v2\/media\/13601"}],"wp:attachment":[{"href":"https:\/\/radiokfor.com\/2\/wp-json\/wp\/v2\/media?parent=13600"}],"wp:term":[{"taxonomy":"category","embeddable":true,"href":"https:\/\/radiokfor.com\/2\/wp-json\/wp\/v2\/categories?post=13600"},{"taxonomy":"post_tag","embeddable":true,"href":"https:\/\/radiokfor.com\/2\/wp-json\/wp\/v2\/tags?post=13600"}],"curies":[{"name":"wp","href":"https:\/\/api.w.org\/{rel}","templated":true}]}}