{"id":13593,"date":"2021-09-15T00:17:37","date_gmt":"2021-09-15T00:17:37","guid":{"rendered":"http:\/\/radiokfor.com\/2\/?p=13593"},"modified":"2021-09-14T14:30:05","modified_gmt":"2021-09-14T14:30:05","slug":"multietnicki-festival-mirdita-dobar-dan-otvorio-je-poziv-za-volontere","status":"publish","type":"post","link":"https:\/\/radiokfor.com\/2\/multietnicki-festival-mirdita-dobar-dan-otvorio-je-poziv-za-volontere\/","title":{"rendered":"Multietni\u010dki festival \u201eMirdita, dobar dan!\u201c otvorio je poziv za volontere"},"content":{"rendered":"<p>Multietni\u010dki festival \u201eMirdita, dobar dan!\u201c, \u010dija je svrha pokretanje promena radi stvaranja tradicije saradnje i kontinuirane normalizacije odnosa Beograda i Pri\u0161tine, uskoro c\u0301e biti odr\u017ean u Pri\u0161tini, pa je otvoren poziv za volontere. Kao i prethodnih godina, ove godine festival c\u0301e okupiti ljude iz albanske i srpske zajednice.<\/p>\n<p>Op\u0161irnije o festivalu i pozivu za volontere, rekla nam je koordinatorka projekta u organizaciji Integra, Ilirij Kajdomkaj.<\/p>\n<p>\u201eNa Kosovu c\u0301e se festival odr\u017eati 14. 15. i 16. oktobra, a mogu se prijaviti svi koji su zainteresovani da budu deo festivala. \u201cMirdita, Dobar dan\u201c, je festival koji vec\u0301 dugo traje i odr\u017eava u \u017eivotu i aktivnu kulturnu i akademsku scenu izme\u0111u Kosova i Srbije, s obzirom na to da je festival oduvek okupljao umetnike oko razmene ideja, diskusija i debata kroz umetni\u010dko, akademsko i civilno dru\u0161tvo izme\u0111u Kosova i Srbije. \u201d<\/p>\n<p>Poziv za volontere festivala je otvoren do 26. septembra, a svi mladi ljudi koji veruju u vrednosti poput razli\u010ditosti, nediskriminacije, imaju moguc\u0301nost individualnog i grupnog rada, mogu postati deo festivala slanjem svoje biografije na: info@ngo-integra.org<\/p>\n<p>Za vi\u0161e informacija posetite Integra Facebook stranicu: <a href=\"https:\/\/vvv.facebook.com\/Integra-471945296197369\">https:\/\/vvv.facebook.com\/Integra-471945296197369<\/a><\/p>\n","protected":false},"excerpt":{"rendered":"<p>Multietni\u010dki festival \u201eMirdita, dobar dan!\u201c, \u010dija je svrha pokretanje promena radi stvaranja tradicije saradnje i kontinuirane normalizacije odnosa Beograda i Pri\u0161tine, uskoro c\u0301e biti odr\u017ean u Pri\u0161tini, pa je otvoren poziv za volontere. Kao i prethodnih godina, ove godine festival c\u0301e okupiti ljude iz albanske i srpske zajednice. Op\u0161irnije o festivalu i pozivu za volontere,&hellip;<\/p>\n","protected":false},"author":10,"featured_media":13594,"comment_status":"closed","ping_status":"closed","sticky":false,"template":"","format":"standard","meta":{"footnotes":""},"categories":[2],"tags":[],"class_list":["post-13593","post","type-post","status-publish","format-standard","has-post-thumbnail","hentry","category-news","category-2","description-off"],"_links":{"self":[{"href":"https:\/\/radiokfor.com\/2\/wp-json\/wp\/v2\/posts\/13593","targetHints":{"allow":["GET"]}}],"collection":[{"href":"https:\/\/radiokfor.com\/2\/wp-json\/wp\/v2\/posts"}],"about":[{"href":"https:\/\/radiokfor.com\/2\/wp-json\/wp\/v2\/types\/post"}],"author":[{"embeddable":true,"href":"https:\/\/radiokfor.com\/2\/wp-json\/wp\/v2\/users\/10"}],"replies":[{"embeddable":true,"href":"https:\/\/radiokfor.com\/2\/wp-json\/wp\/v2\/comments?post=13593"}],"version-history":[{"count":1,"href":"https:\/\/radiokfor.com\/2\/wp-json\/wp\/v2\/posts\/13593\/revisions"}],"predecessor-version":[{"id":13595,"href":"https:\/\/radiokfor.com\/2\/wp-json\/wp\/v2\/posts\/13593\/revisions\/13595"}],"wp:featuredmedia":[{"embeddable":true,"href":"https:\/\/radiokfor.com\/2\/wp-json\/wp\/v2\/media\/13594"}],"wp:attachment":[{"href":"https:\/\/radiokfor.com\/2\/wp-json\/wp\/v2\/media?parent=13593"}],"wp:term":[{"taxonomy":"category","embeddable":true,"href":"https:\/\/radiokfor.com\/2\/wp-json\/wp\/v2\/categories?post=13593"},{"taxonomy":"post_tag","embeddable":true,"href":"https:\/\/radiokfor.com\/2\/wp-json\/wp\/v2\/tags?post=13593"}],"curies":[{"name":"wp","href":"https:\/\/api.w.org\/{rel}","templated":true}]}}