{"id":13379,"date":"2021-08-23T09:01:49","date_gmt":"2021-08-23T09:01:49","guid":{"rendered":"http:\/\/radiokfor.com\/2\/?p=13379"},"modified":"2021-08-23T09:01:49","modified_gmt":"2021-08-23T09:01:49","slug":"danas-je-medunarodni-dan-secanja-na-trgovinu-robljem-i-njeno-ukidanje","status":"publish","type":"post","link":"https:\/\/radiokfor.com\/2\/danas-je-medunarodni-dan-secanja-na-trgovinu-robljem-i-njeno-ukidanje\/","title":{"rendered":"Danas je Me\u0111unarodni dan sec\u0301anja na trgovinu robljem i njeno ukidanje"},"content":{"rendered":"<p>Me\u0111unarodni dan sec\u0301anja na trgovinu robljem i njeno ukidanje je dan koji se obele\u017eava 23. augusta svake godine, dan koji je UNESCO odredio za sec\u0301anje na transatlantsku trgovinu robljem.<\/p>\n<p>Datum je zna\u010dajan jer je tokom noc\u0301i izme\u0111u 22. i 23. avgusta 1791. godine na ostrvu Sent Domingve (danas poznato kao Haiti) po\u010deo ustanak koji je bio glavni faktor ukidanja prekookenaske trgovine robljem. Upravo na Haitiju, 1998. godine po prvi put je obele\u017een ovaj dan.<\/p>\n<p>Ina\u010de, na taj dan UNECSCO poziva sve \u010dlanice da organizuju aktivnosti u kojima \u0107e u\u010destvovati \u010ditava populacija sa posebnim akcentom na mlade.<\/p>\n<p>Na ovaj dan se uspostavlja dijalog i radi analiza odnosa koji su doprineli nastanku trgovine ljudima izme\u0111u Afrike, Evrope, Amerike i Kariba.<\/p>\n<p>Generalna konferencija UNESCO je na svom 29. zasedanju usvojala rezoluciju\u00a0 \u201c29C\/40\u201d kojom je 23. avgust izabran za datum obele\u017eavanja Me\u0111unarodnog dana sec\u0301anja na trgovinu robljem i njeno ukidanje.<\/p>\n","protected":false},"excerpt":{"rendered":"<p>Me\u0111unarodni dan sec\u0301anja na trgovinu robljem i njeno ukidanje je dan koji se obele\u017eava 23. augusta svake godine, dan koji je UNESCO odredio za sec\u0301anje na transatlantsku trgovinu robljem. Datum je zna\u010dajan jer je tokom noc\u0301i izme\u0111u 22. i 23. avgusta 1791. godine na ostrvu Sent Domingve (danas poznato kao Haiti) po\u010deo ustanak koji je&hellip;<\/p>\n","protected":false},"author":2,"featured_media":13380,"comment_status":"closed","ping_status":"closed","sticky":false,"template":"","format":"standard","meta":{"footnotes":""},"categories":[2],"tags":[],"class_list":["post-13379","post","type-post","status-publish","format-standard","has-post-thumbnail","hentry","category-news","category-2","description-off"],"_links":{"self":[{"href":"https:\/\/radiokfor.com\/2\/wp-json\/wp\/v2\/posts\/13379","targetHints":{"allow":["GET"]}}],"collection":[{"href":"https:\/\/radiokfor.com\/2\/wp-json\/wp\/v2\/posts"}],"about":[{"href":"https:\/\/radiokfor.com\/2\/wp-json\/wp\/v2\/types\/post"}],"author":[{"embeddable":true,"href":"https:\/\/radiokfor.com\/2\/wp-json\/wp\/v2\/users\/2"}],"replies":[{"embeddable":true,"href":"https:\/\/radiokfor.com\/2\/wp-json\/wp\/v2\/comments?post=13379"}],"version-history":[{"count":1,"href":"https:\/\/radiokfor.com\/2\/wp-json\/wp\/v2\/posts\/13379\/revisions"}],"predecessor-version":[{"id":13381,"href":"https:\/\/radiokfor.com\/2\/wp-json\/wp\/v2\/posts\/13379\/revisions\/13381"}],"wp:featuredmedia":[{"embeddable":true,"href":"https:\/\/radiokfor.com\/2\/wp-json\/wp\/v2\/media\/13380"}],"wp:attachment":[{"href":"https:\/\/radiokfor.com\/2\/wp-json\/wp\/v2\/media?parent=13379"}],"wp:term":[{"taxonomy":"category","embeddable":true,"href":"https:\/\/radiokfor.com\/2\/wp-json\/wp\/v2\/categories?post=13379"},{"taxonomy":"post_tag","embeddable":true,"href":"https:\/\/radiokfor.com\/2\/wp-json\/wp\/v2\/tags?post=13379"}],"curies":[{"name":"wp","href":"https:\/\/api.w.org\/{rel}","templated":true}]}}