{"id":1320,"date":"2018-04-24T07:24:52","date_gmt":"2018-04-24T07:24:52","guid":{"rendered":"http:\/\/radiokfor.com\/2\/?p=1320"},"modified":"2018-11-30T08:21:45","modified_gmt":"2018-11-30T08:21:45","slug":"krapova-poslednja-traka-premijerno-u-mitrovici","status":"publish","type":"post","link":"https:\/\/radiokfor.com\/2\/krapova-poslednja-traka-premijerno-u-mitrovici\/","title":{"rendered":"\u201cKrapova poslednja traka\u201d premijerno u Mitrovici"},"content":{"rendered":"<p>Monodrama Semjuela Beketa \u201eKrapova poslednja traka\u201c, premijerno \u0107e se odigrati u Kulturnom centru \u201eAkvarijus\u201c. Detalje same predstave saznali smo do glumca Lazara Nikoli\u0107a, studenta Fakulteta umetnosti u Mitrovici:<\/p>\n<p>\u201cPredstava se bavi problemom ljudske egzistencije i otu\u0111enosti savremenog \u017eivota. Kroz pesimisti\u010dku viziju sveta vidimo \u010doveka svedenog na fiziolo\u0161ko i duhovno vegetiranje, kao i besmisleno trajanje ispunjeno patnjama i uzaludnim i\u0161\u010dekivanjem spasa. U \u201eKrapovoj poslednjoj traci\u201c Semjuela Beketa, svetlost i njena suprotnost \u2013 mrak, koriste se da predstave Krapovo odbacivanje intelektualnih, fizi\u010dkih i emotivnih interakcija za njegovu prolaznu udobnost koju pru\u017ea mrak. On ignori\u0161e ove va\u017ene aspekte \u017eivota koriste\u0107i mrak kao prostor u kom mo\u017ee da ograni\u010di svoje zavisnosti, uspomene i kajanja. Krap posmatra tamu kao izvor svoje slobode i odgovaraju\u0107eg prostora za rad dok je svetlost sinonim za ljubav i za sve prethodne \u0161anse za sre\u0107u. Kontrast izme\u0111u svetlosti i mraka prikazuje ve\u010dnu posledicu proma\u0161enih te\u017enji Krapa i njegove odluke da \u017eivi u svetu sramote umesto da stvori ravnote\u017eu izme\u0111u \u017eivota privatnosti i emotivnog sadr\u017eaja.\u201d<\/p>\n<p>Predstava \u201cKrapova poslednja traka\u201d bi\u0107e odigrana u utorak 24. aprila 2018. godine od 21 \u010das.<\/p>\n","protected":false},"excerpt":{"rendered":"<p>Monodrama Semjuela Beketa \u201eKrapova poslednja traka\u201c, premijerno \u0107e se odigrati u Kulturnom centru \u201eAkvarijus\u201c. Detalje same predstave saznali smo do glumca Lazara Nikoli\u0107a, studenta Fakulteta umetnosti u Mitrovici: \u201cPredstava se bavi problemom ljudske egzistencije i otu\u0111enosti savremenog \u017eivota. Kroz pesimisti\u010dku viziju sveta vidimo \u010doveka svedenog na fiziolo\u0161ko i duhovno vegetiranje, kao i besmisleno trajanje ispunjeno&hellip;<\/p>\n","protected":false},"author":2,"featured_media":1385,"comment_status":"open","ping_status":"open","sticky":false,"template":"","format":"standard","meta":{"footnotes":""},"categories":[2],"tags":[554,171,553],"class_list":["post-1320","post","type-post","status-publish","format-standard","has-post-thumbnail","hentry","category-news","tag-galerijaakvarijus","tag-krapova-poslednja-traka","tag-monodrama-semjuela-beketa","category-2","description-off"],"_links":{"self":[{"href":"https:\/\/radiokfor.com\/2\/wp-json\/wp\/v2\/posts\/1320","targetHints":{"allow":["GET"]}}],"collection":[{"href":"https:\/\/radiokfor.com\/2\/wp-json\/wp\/v2\/posts"}],"about":[{"href":"https:\/\/radiokfor.com\/2\/wp-json\/wp\/v2\/types\/post"}],"author":[{"embeddable":true,"href":"https:\/\/radiokfor.com\/2\/wp-json\/wp\/v2\/users\/2"}],"replies":[{"embeddable":true,"href":"https:\/\/radiokfor.com\/2\/wp-json\/wp\/v2\/comments?post=1320"}],"version-history":[{"count":1,"href":"https:\/\/radiokfor.com\/2\/wp-json\/wp\/v2\/posts\/1320\/revisions"}],"predecessor-version":[{"id":1388,"href":"https:\/\/radiokfor.com\/2\/wp-json\/wp\/v2\/posts\/1320\/revisions\/1388"}],"wp:featuredmedia":[{"embeddable":true,"href":"https:\/\/radiokfor.com\/2\/wp-json\/wp\/v2\/media\/1385"}],"wp:attachment":[{"href":"https:\/\/radiokfor.com\/2\/wp-json\/wp\/v2\/media?parent=1320"}],"wp:term":[{"taxonomy":"category","embeddable":true,"href":"https:\/\/radiokfor.com\/2\/wp-json\/wp\/v2\/categories?post=1320"},{"taxonomy":"post_tag","embeddable":true,"href":"https:\/\/radiokfor.com\/2\/wp-json\/wp\/v2\/tags?post=1320"}],"curies":[{"name":"wp","href":"https:\/\/api.w.org\/{rel}","templated":true}]}}