{"id":1312,"date":"2018-03-22T07:22:35","date_gmt":"2018-03-22T07:22:35","guid":{"rendered":"http:\/\/radiokfor.com\/2\/?p=1312"},"modified":"2019-01-21T13:47:55","modified_gmt":"2019-01-21T13:47:55","slug":"rodendanska-pank-svirka-skart-benda","status":"publish","type":"post","link":"https:\/\/radiokfor.com\/2\/rodendanska-pank-svirka-skart-benda\/","title":{"rendered":"Ro\u0111endanska pank svirka \u201c\u0160kart benda\u201d"},"content":{"rendered":"<div>Povodom pet godina postojanja, mitrova\u010dki pank sastav \u201e\u0160kart bend\u201c u klubu \u201eKrim\u201c u Mitrovici organizuje svirku.<\/div>\n<div>Po re\u010dima gitariste i peva\u010da ovog benda, Nikole Savi\u0107a, u petak proslavljaju jedan lep jubilej, a po\u0161to \u0107e ulaz biti slobodan, svi oni koji \u017eele da \u010duju ne\u0161to druga\u010dije od onoga \u0161to je mejnstrim u muzici su dobrodo\u0161li.<\/div>\n<div>Nikola u izjavi za K4 radio ka\u017ee da inspiraciju za svoju muziku nalaze u svom okru\u017eenju:<\/div>\n<div>\u201eKroz pesme i svirke nalazimo izlaz iz onoga \u0161to nas okru\u017euje, mesta gde \u017eivimo i problema koji nas mu\u010de. Svakako veoma volimo to \u0161to radimo i uvek na\u0111emo vremena da se okupimo i sviramo.\u201c<\/div>\n<div>On je ukratko ukazao na istorijat ovog \u010detvoro\u010dlanog sastava: \u201eMi smo izdanak mitrova\u010dke rok \u0161kole i iza sebe ve\u0107 imamo jedan album koji smo izdali pre dve godine za Nocturne Media iz Beograda. Bend \u010dine Nikola Savi\u0107, Vladimir Bigovi\u0107, Alem Red\u017eipagi\u0107 i Lazar Mladenovi\u0107. Po\u010deli smo kao pank-rok sastav, ali smo sada \u010dist pank sastav, sa malo mra\u010dnijim tekstovima i br\u017eom melodijom.\u201c<\/div>\n<div>Najvi\u0161e nastupaju u rodnom gradu, ali su do sada svirali i u Zve\u010danu, Ni\u0161u, Kur\u0161umliji, Sokobanji, Kragujevcu&#8230; O daljim planovima \u201e\u0161kart benda\u201c Nikola ka\u017ee slede\u0107e:<\/div>\n<div>\u201eU toku je rad na novim pesma, koje bi uskoro trebali da snimimo i nadam se da \u0107e ceo taj projekat biti zavr\u0161en do kraja leta.\u201c<\/div>\n<div>Koncert \u201e\u0160kart benda\u201c po\u010dinje oko 22 \u010dasa u petak 23. marta, a vrata \u201eKrim\u201c kluba su otvorena za sve ljubitelje dobre svirke.<\/div>\n<div><\/div>\n","protected":false},"excerpt":{"rendered":"<p>Povodom pet godina postojanja, mitrova\u010dki pank sastav \u201e\u0160kart bend\u201c u klubu \u201eKrim\u201c u Mitrovici organizuje svirku. Po re\u010dima gitariste i peva\u010da ovog benda, Nikole Savi\u0107a, u petak proslavljaju jedan lep jubilej, a po\u0161to \u0107e ulaz biti slobodan, svi oni koji \u017eele da \u010duju ne\u0161to druga\u010dije od onoga \u0161to je mejnstrim u muzici su dobrodo\u0161li. Nikola&hellip;<\/p>\n","protected":false},"author":2,"featured_media":2787,"comment_status":"open","ping_status":"open","sticky":false,"template":"","format":"standard","meta":{"footnotes":""},"categories":[2],"tags":[462,20,519],"class_list":["post-1312","post","type-post","status-publish","format-standard","has-post-thumbnail","hentry","category-news","tag-krim-klub","tag-severna-mitrovica","tag-skart-bend","category-2","description-off"],"_links":{"self":[{"href":"https:\/\/radiokfor.com\/2\/wp-json\/wp\/v2\/posts\/1312","targetHints":{"allow":["GET"]}}],"collection":[{"href":"https:\/\/radiokfor.com\/2\/wp-json\/wp\/v2\/posts"}],"about":[{"href":"https:\/\/radiokfor.com\/2\/wp-json\/wp\/v2\/types\/post"}],"author":[{"embeddable":true,"href":"https:\/\/radiokfor.com\/2\/wp-json\/wp\/v2\/users\/2"}],"replies":[{"embeddable":true,"href":"https:\/\/radiokfor.com\/2\/wp-json\/wp\/v2\/comments?post=1312"}],"version-history":[{"count":1,"href":"https:\/\/radiokfor.com\/2\/wp-json\/wp\/v2\/posts\/1312\/revisions"}],"predecessor-version":[{"id":1316,"href":"https:\/\/radiokfor.com\/2\/wp-json\/wp\/v2\/posts\/1312\/revisions\/1316"}],"wp:featuredmedia":[{"embeddable":true,"href":"https:\/\/radiokfor.com\/2\/wp-json\/wp\/v2\/media\/2787"}],"wp:attachment":[{"href":"https:\/\/radiokfor.com\/2\/wp-json\/wp\/v2\/media?parent=1312"}],"wp:term":[{"taxonomy":"category","embeddable":true,"href":"https:\/\/radiokfor.com\/2\/wp-json\/wp\/v2\/categories?post=1312"},{"taxonomy":"post_tag","embeddable":true,"href":"https:\/\/radiokfor.com\/2\/wp-json\/wp\/v2\/tags?post=1312"}],"curies":[{"name":"wp","href":"https:\/\/api.w.org\/{rel}","templated":true}]}}