{"id":13086,"date":"2021-07-23T14:54:40","date_gmt":"2021-07-23T14:54:40","guid":{"rendered":"http:\/\/radiokfor.com\/2\/?p=13086"},"modified":"2021-07-23T14:56:35","modified_gmt":"2021-07-23T14:56:35","slug":"trece-izdanje-nomad-festivala","status":"publish","type":"post","link":"https:\/\/radiokfor.com\/2\/trece-izdanje-nomad-festivala\/","title":{"rendered":"Tre\u0107e izdanje Nomad festivala"},"content":{"rendered":"<p>Ako ste mladi i ambiciozni umetnik, koji \u017eeli da poka\u017ee svoj talenat i kreativnost, pravo mesto za vas je multuetni\u010dki Nomad festival koji po\u010dinje sredinom avgusta.<\/p>\n<p>Festival obuhvata intenzivne radionice nakon kojih \u0107e uslediti i kamp sa novim idejama, \u010diju \u0107e zavr\u0161nicu obele\u017eiti slikanje \u017eivopisnih murala, isti\u010de projektni menad\u017eer Nomad festivala, <strong>Bardhy Dobroshi<\/strong>.<\/p>\n<p>\u201e<em>Prva etapa po\u010dinje 16. avgusta i traja\u0107e do 20. avgusta kada c\u0301e se odr\u017eati radionice u kojima c\u0301e mladi ljudi pokazati svoje talente i skicirati na papiru, kako bi kasnije te skice pretvoriti u murale. Druga faza je kamp koji c\u0301e se odr\u017eati od 24. do 29. avgusta. Kamp c\u0301e se odr\u017eati u Trep\u010di, u Mitrovici, gde c\u0301e umetnici razmeniti znanje koje su stekli na radionicama, dru\u017eiti se i proveriti kako te\u010de rad na muralima. Tre\u0107a faza traje\u0107e od 5. do 20. septembra i tada c\u0301e Mitrovicu oslikati \u017eivopisnim muralima<\/em>.\u201c<\/p>\n<p>Svi mladi umetnici koji \u017eele pokazati svoj talenat i biti deo ovoj jedinstvenog festivala <a href=\"https:\/\/forms.gle\/XygLL3hVZgRm5hZ56\">popunjene prijave<\/a> mogu poslati na email: futjangjyre@gmail.com.<\/p>\n","protected":false},"excerpt":{"rendered":"<p>Ako ste mladi i ambiciozni umetnik, koji \u017eeli da poka\u017ee svoj talenat i kreativnost, pravo mesto za vas je multuetni\u010dki Nomad festival koji po\u010dinje sredinom avgusta. Festival obuhvata intenzivne radionice nakon kojih \u0107e uslediti i kamp sa novim idejama, \u010diju \u0107e zavr\u0161nicu obele\u017eiti slikanje \u017eivopisnih murala, isti\u010de projektni menad\u017eer Nomad festivala, Bardhy Dobroshi. \u201ePrva etapa&hellip;<\/p>\n","protected":false},"author":9,"featured_media":13088,"comment_status":"closed","ping_status":"closed","sticky":false,"template":"","format":"standard","meta":{"footnotes":""},"categories":[2],"tags":[],"class_list":["post-13086","post","type-post","status-publish","format-standard","has-post-thumbnail","hentry","category-news","category-2","description-off"],"_links":{"self":[{"href":"https:\/\/radiokfor.com\/2\/wp-json\/wp\/v2\/posts\/13086","targetHints":{"allow":["GET"]}}],"collection":[{"href":"https:\/\/radiokfor.com\/2\/wp-json\/wp\/v2\/posts"}],"about":[{"href":"https:\/\/radiokfor.com\/2\/wp-json\/wp\/v2\/types\/post"}],"author":[{"embeddable":true,"href":"https:\/\/radiokfor.com\/2\/wp-json\/wp\/v2\/users\/9"}],"replies":[{"embeddable":true,"href":"https:\/\/radiokfor.com\/2\/wp-json\/wp\/v2\/comments?post=13086"}],"version-history":[{"count":3,"href":"https:\/\/radiokfor.com\/2\/wp-json\/wp\/v2\/posts\/13086\/revisions"}],"predecessor-version":[{"id":13090,"href":"https:\/\/radiokfor.com\/2\/wp-json\/wp\/v2\/posts\/13086\/revisions\/13090"}],"wp:featuredmedia":[{"embeddable":true,"href":"https:\/\/radiokfor.com\/2\/wp-json\/wp\/v2\/media\/13088"}],"wp:attachment":[{"href":"https:\/\/radiokfor.com\/2\/wp-json\/wp\/v2\/media?parent=13086"}],"wp:term":[{"taxonomy":"category","embeddable":true,"href":"https:\/\/radiokfor.com\/2\/wp-json\/wp\/v2\/categories?post=13086"},{"taxonomy":"post_tag","embeddable":true,"href":"https:\/\/radiokfor.com\/2\/wp-json\/wp\/v2\/tags?post=13086"}],"curies":[{"name":"wp","href":"https:\/\/api.w.org\/{rel}","templated":true}]}}