{"id":12840,"date":"2021-07-05T00:00:50","date_gmt":"2021-07-05T00:00:50","guid":{"rendered":"http:\/\/radiokfor.com\/2\/?p=12840"},"modified":"2021-07-02T12:34:15","modified_gmt":"2021-07-02T12:34:15","slug":"vakcinisi-se","status":"publish","type":"post","link":"https:\/\/radiokfor.com\/2\/vakcinisi-se\/","title":{"rendered":"Vakcini\u0161i se!"},"content":{"rendered":"<p>Kako bi sa\u010duvali zdravlje i omogu\u0107ili napredak ekonomije, vakcinacija dobija na zna\u010daju, a ista daje rezultate \u0161to pokazuje pad broj novozara\u017eenih.<\/p>\n<p>Problem pandemije korona virusa se ne\u0107e re\u0161iti bez masovne vakcinacije, a da je sada najva\u017enije da se \u0161to vi\u0161e mladih vakcini\u0161e, kako bi predstoje\u0107i period mogao da bude bezbedan, potvrdio je doktor Mla\u0111an Ra\u0161i\u0107, odeljenski lekar COVID bolnice.<\/p>\n<p><em>\u201eS obzirom da je gra\u0111anstvo u\u00a0 malom procentu vakcinisano, da se ljudi dosta kre\u0107u prema drugim dr\u017eavama koje su kontaminirane delta sojem koji je potencijalni uzro\u010dnik nove epidemije, jedini na\u010din da se za\u0161titimo je vakcinacija.\u201c<\/em><\/p>\n<p>Iz pandemije ne mo\u017ee da se iza\u0111e ukoliko se u \u0161to kra\u0107em periodu ne vakcini\u0161e dovoljan broj gra\u0111ana, pre svega mladih, zaklju\u010dio je doktor Ra\u0161i\u0107.<\/p>\n","protected":false},"excerpt":{"rendered":"<p>Kako bi sa\u010duvali zdravlje i omogu\u0107ili napredak ekonomije, vakcinacija dobija na zna\u010daju, a ista daje rezultate \u0161to pokazuje pad broj novozara\u017eenih. Problem pandemije korona virusa se ne\u0107e re\u0161iti bez masovne vakcinacije, a da je sada najva\u017enije da se \u0161to vi\u0161e mladih vakcini\u0161e, kako bi predstoje\u0107i period mogao da bude bezbedan, potvrdio je doktor Mla\u0111an Ra\u0161i\u0107,&hellip;<\/p>\n","protected":false},"author":11,"featured_media":10902,"comment_status":"closed","ping_status":"closed","sticky":false,"template":"","format":"standard","meta":{"footnotes":""},"categories":[2],"tags":[2283,2369,2831,2861],"class_list":["post-12840","post","type-post","status-publish","format-standard","has-post-thumbnail","hentry","category-news","tag-covid19","tag-koronavirus","tag-mladan-rasic","tag-vakcinacija","category-2","description-off"],"_links":{"self":[{"href":"https:\/\/radiokfor.com\/2\/wp-json\/wp\/v2\/posts\/12840","targetHints":{"allow":["GET"]}}],"collection":[{"href":"https:\/\/radiokfor.com\/2\/wp-json\/wp\/v2\/posts"}],"about":[{"href":"https:\/\/radiokfor.com\/2\/wp-json\/wp\/v2\/types\/post"}],"author":[{"embeddable":true,"href":"https:\/\/radiokfor.com\/2\/wp-json\/wp\/v2\/users\/11"}],"replies":[{"embeddable":true,"href":"https:\/\/radiokfor.com\/2\/wp-json\/wp\/v2\/comments?post=12840"}],"version-history":[{"count":1,"href":"https:\/\/radiokfor.com\/2\/wp-json\/wp\/v2\/posts\/12840\/revisions"}],"predecessor-version":[{"id":12841,"href":"https:\/\/radiokfor.com\/2\/wp-json\/wp\/v2\/posts\/12840\/revisions\/12841"}],"wp:featuredmedia":[{"embeddable":true,"href":"https:\/\/radiokfor.com\/2\/wp-json\/wp\/v2\/media\/10902"}],"wp:attachment":[{"href":"https:\/\/radiokfor.com\/2\/wp-json\/wp\/v2\/media?parent=12840"}],"wp:term":[{"taxonomy":"category","embeddable":true,"href":"https:\/\/radiokfor.com\/2\/wp-json\/wp\/v2\/categories?post=12840"},{"taxonomy":"post_tag","embeddable":true,"href":"https:\/\/radiokfor.com\/2\/wp-json\/wp\/v2\/tags?post=12840"}],"curies":[{"name":"wp","href":"https:\/\/api.w.org\/{rel}","templated":true}]}}