{"id":1279,"date":"2018-03-27T14:45:13","date_gmt":"2018-03-27T14:45:13","guid":{"rendered":"http:\/\/radiokfor.com\/2\/?p=1279"},"modified":"2018-11-29T14:47:12","modified_gmt":"2018-11-29T14:47:12","slug":"svetski-dan-pozorista","status":"publish","type":"post","link":"https:\/\/radiokfor.com\/2\/svetski-dan-pozorista\/","title":{"rendered":"Svetski dan pozori\u0161ta"},"content":{"rendered":"<p>Na inicijativu Me\u0111unarodnog pozori\u0161nog instituta od 1961. godine 27. marta se \u0161irom sveta obele\u017eava Svetski dan pozori\u0161ta. Na taj dan pozori\u0161ta u svetu, Nacionalni centri me\u0111unarodnog pozori\u0161nog instituta i \u010ditava me\u0111unarodna pozori\u0161na zajednica organizuje razli\u010dite pozori\u0161ne manifestacije, od kojih je najva\u017enija tradicionalna me\u0111unarodna poruka koju, na poziv Me\u0111unarodnog pozori\u0161nog instituta,\u00a0uvek pi\u0161e pozori\u0161na li\u010dnost svetskog ugleda. Amatersko pozori\u0161te Jani\u0107ije Popovi\u0107 iz Gra\u010danice je u predhodnom periodu bilo vi\u0161e nego aktivno, a vi\u0161e detalja o njihovom radu u intervjuu za KFOR radio iznosi predstravnik Doma kulture Gra\u010danica, Aleksandar Gud\u017ei\u0107.<\/p>\n<p>\u201cOrganizovali smo nekoliko humanitarnih predstava za pomo\u0107 malom Vasiliju NIkoli\u0107u iz Lapljeg Sela i tom prilikom smo prikupili 79 000\u00a0 dinara. Igrali smo za mali\u0161ane \u0160ilova, \u0160trpca i Prilu\u017eija luktarsku predstavu ,,Budi to \u0161to jesi\u201d, da bi negde vrhunac u predhodnom periodu i kruna bilo u\u010de\u0161\u0107e na 48. susretu profesionalnih lutkarskih pozori\u0161ta u Zrenjaninu gde su \u010dlanovi amaterskog pozor\u0161ita Jani\u0107ije Popovi\u0107 igrali u \u010dast nagra\u0111enih na tom festivalu. To je jedan od najve\u0107ih luktarskih festivala i ti ljudi koji su odlu\u010dili da na\u0161e pozori\u0161te igra na festival, prepoznali su talenat \u010dlanova ansambla Jani\u0107ije Popovi\u0107 za lutkarstvo i su nagradili ih, tako da i u budu\u0107nosti podr\u017eavaju realizaciju njihovog talenta.\u201d<\/p>\n<p>Prvu poruku za Svetski dan pozori\u0161ta napisao je \u017dan Kokto 1962.<\/p>\n<p>Upravo \u00a027. mart odabran je kao idealan datum, jer se jo\u0161 od 1962. pamti kao dan otvaranja Teatra nacija u Parizu.<\/p>\n","protected":false},"excerpt":{"rendered":"<p>Na inicijativu Me\u0111unarodnog pozori\u0161nog instituta od 1961. godine 27. marta se \u0161irom sveta obele\u017eava Svetski dan pozori\u0161ta. Na taj dan pozori\u0161ta u svetu, Nacionalni centri me\u0111unarodnog pozori\u0161nog instituta i \u010ditava me\u0111unarodna pozori\u0161na zajednica organizuje razli\u010dite pozori\u0161ne manifestacije, od kojih je najva\u017enija tradicionalna me\u0111unarodna poruka koju, na poziv Me\u0111unarodnog pozori\u0161nog instituta,\u00a0uvek pi\u0161e pozori\u0161na li\u010dnost svetskog ugleda.&hellip;<\/p>\n","protected":false},"author":2,"featured_media":1281,"comment_status":"open","ping_status":"open","sticky":false,"template":"","format":"standard","meta":{"footnotes":""},"categories":[2],"tags":[117,21,509],"class_list":["post-1279","post","type-post","status-publish","format-standard","has-post-thumbnail","hentry","category-news","tag-aleksandar-gudzic","tag-dom-kulture-gracanica","tag-svetski-dan-pozorista","category-2","description-off"],"_links":{"self":[{"href":"https:\/\/radiokfor.com\/2\/wp-json\/wp\/v2\/posts\/1279","targetHints":{"allow":["GET"]}}],"collection":[{"href":"https:\/\/radiokfor.com\/2\/wp-json\/wp\/v2\/posts"}],"about":[{"href":"https:\/\/radiokfor.com\/2\/wp-json\/wp\/v2\/types\/post"}],"author":[{"embeddable":true,"href":"https:\/\/radiokfor.com\/2\/wp-json\/wp\/v2\/users\/2"}],"replies":[{"embeddable":true,"href":"https:\/\/radiokfor.com\/2\/wp-json\/wp\/v2\/comments?post=1279"}],"version-history":[{"count":1,"href":"https:\/\/radiokfor.com\/2\/wp-json\/wp\/v2\/posts\/1279\/revisions"}],"predecessor-version":[{"id":1282,"href":"https:\/\/radiokfor.com\/2\/wp-json\/wp\/v2\/posts\/1279\/revisions\/1282"}],"wp:featuredmedia":[{"embeddable":true,"href":"https:\/\/radiokfor.com\/2\/wp-json\/wp\/v2\/media\/1281"}],"wp:attachment":[{"href":"https:\/\/radiokfor.com\/2\/wp-json\/wp\/v2\/media?parent=1279"}],"wp:term":[{"taxonomy":"category","embeddable":true,"href":"https:\/\/radiokfor.com\/2\/wp-json\/wp\/v2\/categories?post=1279"},{"taxonomy":"post_tag","embeddable":true,"href":"https:\/\/radiokfor.com\/2\/wp-json\/wp\/v2\/tags?post=1279"}],"curies":[{"name":"wp","href":"https:\/\/api.w.org\/{rel}","templated":true}]}}