{"id":12778,"date":"2021-06-28T08:01:25","date_gmt":"2021-06-28T08:01:25","guid":{"rendered":"http:\/\/radiokfor.com\/2\/?p=12778"},"modified":"2021-06-28T08:01:25","modified_gmt":"2021-06-28T08:01:25","slug":"upoznaj-jelenu-orlovic","status":"publish","type":"post","link":"https:\/\/radiokfor.com\/2\/upoznaj-jelenu-orlovic\/","title":{"rendered":"Upoznaj Jelenu Orlovi\u0107"},"content":{"rendered":"<p>Predstavljamo vam Jelenu Orlovi\u0107, mladu i talentovanu glumicu, koja \u0107e biti uzor brojnim generacijama koji \u017eele da ostave svoj trag na \u201edaskama koje \u017eivot zna\u010de\u201c.<\/p>\n<p><em>\u201eGluma je takav poziv da konstantno u\u010di\u0161 kroz rad, kao i u \u017eivotu. Zahteva mnogo odricanja. Ne postoji fiksno radno vreme. Ono \u0161to bih mo\u017eda poru\u010dila budu\u0107im kolegama je da, ako iskreno i iz srca ne vole ovaj posao, onda ne mogu da se bave njime.\u201c<\/em><\/p>\n<p>Jelena je 2011. godine kro\u010dila na akademiju, i za veoma kratko vreme je ostvarila zapa\u017een uspeh u mnogobrojnim predstavama.<\/p>\n<p><em>\u201eSvaka uloga koju sam odigrala do sada imala je jednako veliki zna\u010daj u mom gluma\u010dkom sazrevanju, za sada ne mogu da izdvojim ni jednu\u201c, <\/em>iskrena je Orlovi\u0107eva, koju, s obzirom da se bli\u017ei kraj sezone, pored bogatog repertoara raduje u\u010de\u0161\u0107e na dva festivala: Belef i Nu\u0161i\u0107ijada.<\/p>\n<p><em>\u201eNa Belefu \u0107emo odigrati 2 na\u0161e predstave \u201eUloga moje porodice u svetskoj revoluciji&#8221; i \u201eRibarske sva\u0111e&#8221;, a na Nu\u0161i\u0107ijadi \u201e\u017denidbu&#8221;. Iza nas je veoma radna i uspe\u0161na sezona, tako da posle malog odmora od oktobra idemo u nove pobede\u201c,<\/em> dodala je sa ushi\u0107enjem.<\/p>\n<p>Na kraju priznaje da je od svojih starijih kolega nau\u010dila da sve predstave treba odigrati profesionalno bez obzira gde se odr\u017eavaju ili koliko je ljudi u gledali\u0161tu.<\/p>\n","protected":false},"excerpt":{"rendered":"<p>Predstavljamo vam Jelenu Orlovi\u0107, mladu i talentovanu glumicu, koja \u0107e biti uzor brojnim generacijama koji \u017eele da ostave svoj trag na \u201edaskama koje \u017eivot zna\u010de\u201c. \u201eGluma je takav poziv da konstantno u\u010di\u0161 kroz rad, kao i u \u017eivotu. Zahteva mnogo odricanja. Ne postoji fiksno radno vreme. Ono \u0161to bih mo\u017eda poru\u010dila budu\u0107im kolegama je da,&hellip;<\/p>\n","protected":false},"author":11,"featured_media":12779,"comment_status":"closed","ping_status":"closed","sticky":false,"template":"","format":"standard","meta":{"footnotes":""},"categories":[2],"tags":[157,2854],"class_list":["post-12778","post","type-post","status-publish","format-standard","has-post-thumbnail","hentry","category-news","tag-jelena-orlovic","tag-narodno-pozoriste","category-2","description-off"],"_links":{"self":[{"href":"https:\/\/radiokfor.com\/2\/wp-json\/wp\/v2\/posts\/12778","targetHints":{"allow":["GET"]}}],"collection":[{"href":"https:\/\/radiokfor.com\/2\/wp-json\/wp\/v2\/posts"}],"about":[{"href":"https:\/\/radiokfor.com\/2\/wp-json\/wp\/v2\/types\/post"}],"author":[{"embeddable":true,"href":"https:\/\/radiokfor.com\/2\/wp-json\/wp\/v2\/users\/11"}],"replies":[{"embeddable":true,"href":"https:\/\/radiokfor.com\/2\/wp-json\/wp\/v2\/comments?post=12778"}],"version-history":[{"count":1,"href":"https:\/\/radiokfor.com\/2\/wp-json\/wp\/v2\/posts\/12778\/revisions"}],"predecessor-version":[{"id":12780,"href":"https:\/\/radiokfor.com\/2\/wp-json\/wp\/v2\/posts\/12778\/revisions\/12780"}],"wp:featuredmedia":[{"embeddable":true,"href":"https:\/\/radiokfor.com\/2\/wp-json\/wp\/v2\/media\/12779"}],"wp:attachment":[{"href":"https:\/\/radiokfor.com\/2\/wp-json\/wp\/v2\/media?parent=12778"}],"wp:term":[{"taxonomy":"category","embeddable":true,"href":"https:\/\/radiokfor.com\/2\/wp-json\/wp\/v2\/categories?post=12778"},{"taxonomy":"post_tag","embeddable":true,"href":"https:\/\/radiokfor.com\/2\/wp-json\/wp\/v2\/tags?post=12778"}],"curies":[{"name":"wp","href":"https:\/\/api.w.org\/{rel}","templated":true}]}}