{"id":12765,"date":"2021-06-27T00:00:20","date_gmt":"2021-06-27T00:00:20","guid":{"rendered":"http:\/\/radiokfor.com\/2\/?p=12765"},"modified":"2021-06-27T05:28:24","modified_gmt":"2021-06-27T05:28:24","slug":"mikro-mala-i-srednja-preduzeca-doprinose-globalnoj-ekonomiji","status":"publish","type":"post","link":"https:\/\/radiokfor.com\/2\/mikro-mala-i-srednja-preduzeca-doprinose-globalnoj-ekonomiji\/","title":{"rendered":"Mikro, mala i srednja preduze\u0107a doprinose globalnoj ekonomiji!"},"content":{"rendered":"<p>Svetski dan mikro, malih i srednjih preduze\u0107a\u00a0 je posve\u0107en podizanju svesti o potrebi za ve\u0107im investicijama u mikro, mala i srednja preduze\u0107a u zemljama u razvoju.<\/p>\n<p>Miroslav Stoli\u0107, vlasnik DOO \u0160kurt u Donjoj Gu\u0161terici isti\u010de da mikro, mala i srednja preduze\u0107a igraju klju\u010dnu ulogu u stimulaciji ekonomskog rasta ii obezbe\u0111ivanju radnih mesta za grupe kao \u0161to su \u017eene, mladi preduzetnici i siroma\u0161ne zajednice.<\/p>\n<p><em>\u201eOpstanak mikro, malih i srednjih preduze\u0107a zavisi od njihovih ve\u0161tina, od toga kako \u0107e se predstaviti tr\u017ei\u0161tu, koji \u0107e proizvod plasiratu i kako planirati proizvodnji i samu organizaciju proizvodnje. A svima poru\u010dujem da pokrenu neki biznis, bilo to proizvodnja, trgovina ili neke druge usluge, gde mogu da ostvare neku vrstu profita. Mladi bi trebalo da imaju volju, ideju, energiju i upornost pri pokretanju biznisa. Od same ideje\u00a0 i realizacije iste put je dug i trnovit, ali smatram da se na kraju isplati.\u201c<\/em><\/p>\n<p>Generalna skup\u0161tina Ujedinjenih nacija proglasila je prvi put Svetski dan mikro, malih i srednjih preduze\u0107a 27. juna 2017-te, kako bi odala priznanje za gigantski doprinos koji manje firme daju globalnoj ekonomiji.<\/p>\n","protected":false},"excerpt":{"rendered":"<p>Svetski dan mikro, malih i srednjih preduze\u0107a\u00a0 je posve\u0107en podizanju svesti o potrebi za ve\u0107im investicijama u mikro, mala i srednja preduze\u0107a u zemljama u razvoju. Miroslav Stoli\u0107, vlasnik DOO \u0160kurt u Donjoj Gu\u0161terici isti\u010de da mikro, mala i srednja preduze\u0107a igraju klju\u010dnu ulogu u stimulaciji ekonomskog rasta ii obezbe\u0111ivanju radnih mesta za grupe kao&hellip;<\/p>\n","protected":false},"author":11,"featured_media":12766,"comment_status":"closed","ping_status":"closed","sticky":false,"template":"","format":"standard","meta":{"footnotes":""},"categories":[2],"tags":[2852,2850,2851],"class_list":["post-12765","post","type-post","status-publish","format-standard","has-post-thumbnail","hentry","category-news","tag-doo-skurt","tag-mikro-mala-i-srednja-preduzeca","tag-miroslav-stolic","category-2","description-off"],"_links":{"self":[{"href":"https:\/\/radiokfor.com\/2\/wp-json\/wp\/v2\/posts\/12765","targetHints":{"allow":["GET"]}}],"collection":[{"href":"https:\/\/radiokfor.com\/2\/wp-json\/wp\/v2\/posts"}],"about":[{"href":"https:\/\/radiokfor.com\/2\/wp-json\/wp\/v2\/types\/post"}],"author":[{"embeddable":true,"href":"https:\/\/radiokfor.com\/2\/wp-json\/wp\/v2\/users\/11"}],"replies":[{"embeddable":true,"href":"https:\/\/radiokfor.com\/2\/wp-json\/wp\/v2\/comments?post=12765"}],"version-history":[{"count":2,"href":"https:\/\/radiokfor.com\/2\/wp-json\/wp\/v2\/posts\/12765\/revisions"}],"predecessor-version":[{"id":12768,"href":"https:\/\/radiokfor.com\/2\/wp-json\/wp\/v2\/posts\/12765\/revisions\/12768"}],"wp:featuredmedia":[{"embeddable":true,"href":"https:\/\/radiokfor.com\/2\/wp-json\/wp\/v2\/media\/12766"}],"wp:attachment":[{"href":"https:\/\/radiokfor.com\/2\/wp-json\/wp\/v2\/media?parent=12765"}],"wp:term":[{"taxonomy":"category","embeddable":true,"href":"https:\/\/radiokfor.com\/2\/wp-json\/wp\/v2\/categories?post=12765"},{"taxonomy":"post_tag","embeddable":true,"href":"https:\/\/radiokfor.com\/2\/wp-json\/wp\/v2\/tags?post=12765"}],"curies":[{"name":"wp","href":"https:\/\/api.w.org\/{rel}","templated":true}]}}