{"id":12627,"date":"2021-06-14T10:56:59","date_gmt":"2021-06-14T10:56:59","guid":{"rendered":"http:\/\/radiokfor.com\/2\/?p=12627"},"modified":"2021-06-14T10:56:59","modified_gmt":"2021-06-14T10:56:59","slug":"svetski-dan-dobrovoljnih-davalaca-krvi-2","status":"publish","type":"post","link":"https:\/\/radiokfor.com\/2\/svetski-dan-dobrovoljnih-davalaca-krvi-2\/","title":{"rendered":"Svetski dan dobrovoljnih davalaca krvi"},"content":{"rendered":"<p>U cilju podizanja svesti o globalnoj potrebi za sigurnom i bezbednom donacijom krvi, svake godine 14. juna se \u0161irom sveta obele\u017eava Svetski dan dobrovoljnih davalaca krvi.<\/p>\n<p>Neizmerna zahvalnost svim dobrovoljnim davaocima krvi za njihov plemeniti \u010din davala\u0161tva, predstavlja nose\u0107u ideju obele\u017eavanja ovog datuma.<\/p>\n<p>\u201c<em>Redovni sam davalac krvi i uvek se odazivam organizovanim akcijama. Mislim da bi svi zdravi ljudi trebalo bar jednom godi\u0161nje da daju krv, jer osim \u0161to \u0107e pomo\u0107i drugima, to \u0107e pozitivno uticati na njihov organizam<\/em>\u201d, rekao je Lazar Gali\u0107 iz Ugljara.<\/p>\n<p>Dvadesetoro pripadnika Specijalizovane policijske jedinice Euleksa iz Poljske danas je u Mitrovici dobrovoljno dalo krv. Kako ka\u017eu, ovo nije prvi put da se odazivaju akcijama dobrovoljnog davanja krvi i nadaju se da \u0107e biti od pomo\u0107i ljudima kojima je krv potrebna.<\/p>\n<p>Zna\u010daj obele\u017eavanja Svetskog dana dobrovoljnog davanja krvi jeste da se pozovu pojedinci da postanu spasioci drugih tako \u0161to \u0107e dobrovoljno dati krv.<\/p>\n<p>&nbsp;<\/p>\n","protected":false},"excerpt":{"rendered":"<p>U cilju podizanja svesti o globalnoj potrebi za sigurnom i bezbednom donacijom krvi, svake godine 14. juna se \u0161irom sveta obele\u017eava Svetski dan dobrovoljnih davalaca krvi. Neizmerna zahvalnost svim dobrovoljnim davaocima krvi za njihov plemeniti \u010din davala\u0161tva, predstavlja nose\u0107u ideju obele\u017eavanja ovog datuma. \u201cRedovni sam davalac krvi i uvek se odazivam organizovanim akcijama. Mislim da&hellip;<\/p>\n","protected":false},"author":7,"featured_media":12629,"comment_status":"closed","ping_status":"closed","sticky":false,"template":"","format":"standard","meta":{"footnotes":""},"categories":[2],"tags":[],"class_list":["post-12627","post","type-post","status-publish","format-standard","has-post-thumbnail","hentry","category-news","category-2","description-off"],"_links":{"self":[{"href":"https:\/\/radiokfor.com\/2\/wp-json\/wp\/v2\/posts\/12627","targetHints":{"allow":["GET"]}}],"collection":[{"href":"https:\/\/radiokfor.com\/2\/wp-json\/wp\/v2\/posts"}],"about":[{"href":"https:\/\/radiokfor.com\/2\/wp-json\/wp\/v2\/types\/post"}],"author":[{"embeddable":true,"href":"https:\/\/radiokfor.com\/2\/wp-json\/wp\/v2\/users\/7"}],"replies":[{"embeddable":true,"href":"https:\/\/radiokfor.com\/2\/wp-json\/wp\/v2\/comments?post=12627"}],"version-history":[{"count":1,"href":"https:\/\/radiokfor.com\/2\/wp-json\/wp\/v2\/posts\/12627\/revisions"}],"predecessor-version":[{"id":12630,"href":"https:\/\/radiokfor.com\/2\/wp-json\/wp\/v2\/posts\/12627\/revisions\/12630"}],"wp:featuredmedia":[{"embeddable":true,"href":"https:\/\/radiokfor.com\/2\/wp-json\/wp\/v2\/media\/12629"}],"wp:attachment":[{"href":"https:\/\/radiokfor.com\/2\/wp-json\/wp\/v2\/media?parent=12627"}],"wp:term":[{"taxonomy":"category","embeddable":true,"href":"https:\/\/radiokfor.com\/2\/wp-json\/wp\/v2\/categories?post=12627"},{"taxonomy":"post_tag","embeddable":true,"href":"https:\/\/radiokfor.com\/2\/wp-json\/wp\/v2\/tags?post=12627"}],"curies":[{"name":"wp","href":"https:\/\/api.w.org\/{rel}","templated":true}]}}