{"id":1253,"date":"2018-03-30T14:27:42","date_gmt":"2018-03-30T14:27:42","guid":{"rendered":"http:\/\/radiokfor.com\/2\/?p=1253"},"modified":"2018-11-29T14:29:01","modified_gmt":"2018-11-29T14:29:01","slug":"omladinski-mirovni-kamp-2018","status":"publish","type":"post","link":"https:\/\/radiokfor.com\/2\/omladinski-mirovni-kamp-2018\/","title":{"rendered":"&#8220;Omladinski mirovni kamp 2018.&#8221;"},"content":{"rendered":"<p>Savet Evrope zajedno sa svojim Departmanom za omladinu, ve\u0107 15. godinu zaredom, organizuje \u201cOmladinski mirovni kamp 2018.\u201d koji \u0107e ove godine biti odr\u017ean u Omladinskom centru u Budimpe\u0161ti (Ma\u0111arska) od 26. juna do 03. jula 2018. godine.<\/p>\n<p>Nevena Radosavljevi\u0107, posrednik edukativnog tima, za KFOR radio iznosi detalje ovog kampa:<\/p>\n<p>\u201cPre svega moram da napomenem da je ovaj kamp namenjen za mlade ljude iz konfliktnih regiona, i me\u0111u te regione spade i Kosovo. Poziv je upu\u0107en svoim zajednicama sa Kosova, dakle Srbima, Albancima, ali i svim ostalim zajednicama na Kosovu. Ne postoji nikakva vrsta diskriminacije, niti ne\u0161to sli\u010dno, ve\u0107 su svi pozvani da se prijave i da u\u010destvuju. Ovo je sjajna prilika da shvatimo da smo svi mi samo ljudi i da zapravo to kojoj zajednici ili kojoj nacionalnosti pripadamo nema nikakve veze jer smo mi svi pre\u017eiveli isto, svi mi \u017eivimo isto i da, treba da se otrgnemo ovom politi\u010dkom uticaju, da gradimo miran \u017eivot zajedno. Tako da mislim da je glavni cilj ovog kampa, da spoji mlade ljude i da im poka\u017ee da mogu da \u017eive zajedno\u201d, napominje Nevena i poziva sve zainteresovane kandidate da se na isti prijave, a aplikacije mogu prona\u0107i na zvani\u010dnom sajtu Saveta Evrope zajedno sa dodatnim informacijama.<\/p>\n","protected":false},"excerpt":{"rendered":"<p>Savet Evrope zajedno sa svojim Departmanom za omladinu, ve\u0107 15. godinu zaredom, organizuje \u201cOmladinski mirovni kamp 2018.\u201d koji \u0107e ove godine biti odr\u017ean u Omladinskom centru u Budimpe\u0161ti (Ma\u0111arska) od 26. juna do 03. jula 2018. godine. Nevena Radosavljevi\u0107, posrednik edukativnog tima, za KFOR radio iznosi detalje ovog kampa: \u201cPre svega moram da napomenem da&hellip;<\/p>\n","protected":false},"author":2,"featured_media":1255,"comment_status":"open","ping_status":"open","sticky":false,"template":"","format":"standard","meta":{"footnotes":""},"categories":[2],"tags":[499,500],"class_list":["post-1253","post","type-post","status-publish","format-standard","has-post-thumbnail","hentry","category-news","tag-omladinski-mirovni-kamp-2018","tag-nevena-radosavljevic","category-2","description-off"],"_links":{"self":[{"href":"https:\/\/radiokfor.com\/2\/wp-json\/wp\/v2\/posts\/1253","targetHints":{"allow":["GET"]}}],"collection":[{"href":"https:\/\/radiokfor.com\/2\/wp-json\/wp\/v2\/posts"}],"about":[{"href":"https:\/\/radiokfor.com\/2\/wp-json\/wp\/v2\/types\/post"}],"author":[{"embeddable":true,"href":"https:\/\/radiokfor.com\/2\/wp-json\/wp\/v2\/users\/2"}],"replies":[{"embeddable":true,"href":"https:\/\/radiokfor.com\/2\/wp-json\/wp\/v2\/comments?post=1253"}],"version-history":[{"count":1,"href":"https:\/\/radiokfor.com\/2\/wp-json\/wp\/v2\/posts\/1253\/revisions"}],"predecessor-version":[{"id":1256,"href":"https:\/\/radiokfor.com\/2\/wp-json\/wp\/v2\/posts\/1253\/revisions\/1256"}],"wp:featuredmedia":[{"embeddable":true,"href":"https:\/\/radiokfor.com\/2\/wp-json\/wp\/v2\/media\/1255"}],"wp:attachment":[{"href":"https:\/\/radiokfor.com\/2\/wp-json\/wp\/v2\/media?parent=1253"}],"wp:term":[{"taxonomy":"category","embeddable":true,"href":"https:\/\/radiokfor.com\/2\/wp-json\/wp\/v2\/categories?post=1253"},{"taxonomy":"post_tag","embeddable":true,"href":"https:\/\/radiokfor.com\/2\/wp-json\/wp\/v2\/tags?post=1253"}],"curies":[{"name":"wp","href":"https:\/\/api.w.org\/{rel}","templated":true}]}}