{"id":12525,"date":"2021-06-05T00:00:17","date_gmt":"2021-06-05T00:00:17","guid":{"rendered":"http:\/\/radiokfor.com\/2\/?p=12525"},"modified":"2021-06-03T08:52:51","modified_gmt":"2021-06-03T08:52:51","slug":"sacuvajmo-prirodu","status":"publish","type":"post","link":"https:\/\/radiokfor.com\/2\/sacuvajmo-prirodu\/","title":{"rendered":"Sa\u010duvajmo prirodu!"},"content":{"rendered":"<p>Epidemija virusa COVID-19 podsetila nas je koliko je zdravlje ljudi povezano sa zdravljem planete. Tokom perioda izolacije i karantina bili smo svedoci smanjenja zaga\u0111enja vazduha i vode kao i emisije ugljen-dioksida \u0161irom sveta, za rekordno vreme. Ovaj privremeni predah pokazuje da mo\u017eemo napraviti preokret ka pozitivnoj transformaciji.<\/p>\n<p><em>\u201eOno \u0161to mo\u017eemo uraditi kao pojedinci je da: \u0161tedimo energiju, \u010duvamo vodu, sadimo biljke, pe\u0161a\u010dimo, vozimo bicikl, smanjimo upotrebu plastike, recikliramo, jedemo vi\u0161e vo\u0107a, povr\u0107a, \u017eitarica. Potreban je zajedni\u010dki rad na svim nivoima kako bi se obezbedila budu\u0107nost \u017eivota u skladu sa prirodom\u201c<\/em>, poru\u010duje <strong>biolog Nadica Popovi\u0107<\/strong>.<\/p>\n<p><strong>Svetski dan za\u0161tite \u017eivotne sredine<\/strong> prvi put je obele\u017een 1972. godine i predstavlja glavni alat pomo\u0107u kojeg Ujedinjene nacije stimuli\u0161u podizanje globalne svesti o zna\u010daju za\u0161tite \u017eivotne sredine.<\/p>\n","protected":false},"excerpt":{"rendered":"<p>Epidemija virusa COVID-19 podsetila nas je koliko je zdravlje ljudi povezano sa zdravljem planete. Tokom perioda izolacije i karantina bili smo svedoci smanjenja zaga\u0111enja vazduha i vode kao i emisije ugljen-dioksida \u0161irom sveta, za rekordno vreme. Ovaj privremeni predah pokazuje da mo\u017eemo napraviti preokret ka pozitivnoj transformaciji. \u201eOno \u0161to mo\u017eemo uraditi kao pojedinci je da:&hellip;<\/p>\n","protected":false},"author":11,"featured_media":11395,"comment_status":"closed","ping_status":"closed","sticky":false,"template":"","format":"standard","meta":{"footnotes":""},"categories":[2],"tags":[2836,2835],"class_list":["post-12525","post","type-post","status-publish","format-standard","has-post-thumbnail","hentry","category-news","tag-sacuvajmo-prirodu","tag-svetski-dan-zastite-zivotne-sredine","category-2","description-off"],"_links":{"self":[{"href":"https:\/\/radiokfor.com\/2\/wp-json\/wp\/v2\/posts\/12525","targetHints":{"allow":["GET"]}}],"collection":[{"href":"https:\/\/radiokfor.com\/2\/wp-json\/wp\/v2\/posts"}],"about":[{"href":"https:\/\/radiokfor.com\/2\/wp-json\/wp\/v2\/types\/post"}],"author":[{"embeddable":true,"href":"https:\/\/radiokfor.com\/2\/wp-json\/wp\/v2\/users\/11"}],"replies":[{"embeddable":true,"href":"https:\/\/radiokfor.com\/2\/wp-json\/wp\/v2\/comments?post=12525"}],"version-history":[{"count":1,"href":"https:\/\/radiokfor.com\/2\/wp-json\/wp\/v2\/posts\/12525\/revisions"}],"predecessor-version":[{"id":12526,"href":"https:\/\/radiokfor.com\/2\/wp-json\/wp\/v2\/posts\/12525\/revisions\/12526"}],"wp:featuredmedia":[{"embeddable":true,"href":"https:\/\/radiokfor.com\/2\/wp-json\/wp\/v2\/media\/11395"}],"wp:attachment":[{"href":"https:\/\/radiokfor.com\/2\/wp-json\/wp\/v2\/media?parent=12525"}],"wp:term":[{"taxonomy":"category","embeddable":true,"href":"https:\/\/radiokfor.com\/2\/wp-json\/wp\/v2\/categories?post=12525"},{"taxonomy":"post_tag","embeddable":true,"href":"https:\/\/radiokfor.com\/2\/wp-json\/wp\/v2\/tags?post=12525"}],"curies":[{"name":"wp","href":"https:\/\/api.w.org\/{rel}","templated":true}]}}