{"id":12489,"date":"2021-06-01T11:35:00","date_gmt":"2021-06-01T11:35:00","guid":{"rendered":"http:\/\/radiokfor.com\/2\/?p=12489"},"modified":"2021-06-02T13:29:32","modified_gmt":"2021-06-02T13:29:32","slug":"radio-k4-vam-predstavlja-mladu-muzicku-zvezdu-nikolu-lekica","status":"publish","type":"post","link":"https:\/\/radiokfor.com\/2\/radio-k4-vam-predstavlja-mladu-muzicku-zvezdu-nikolu-lekica\/","title":{"rendered":"Radio K4 vam predstavlja mladu muzi\u010dku zvezdu &#8211; Nikolu Leki\u0107a"},"content":{"rendered":"<p>Nikola Leki\u0107 je mladi peva\u010d koji je pre tri godine bio deo jednog\u00a0 muzi\u010dkog\u00a0 takmi\u010denja, gde je postigao zapa\u017eene rezultate.\u00a0 Nedavno je objavio obradu pesme \u201cGde \u0107u sad moja ru\u017eo\u201d , za koju je snimio i spot.<\/p>\n<p>Ka\u017ee da mu je muzika hobi, ali i da je oduvek gajio strast prema pevanju:<\/p>\n<p><em>\u201eProfesionalnim pevanjem sam po\u010deo da se bavim pre pet godina. Tada sam krenuo u \u0161kolu pevanja u Mitrovici i tako sam zapo\u010deo svoje prve ozbiljnije muzi\u010dke korake. U\u010destvovao sam u muzi\u010dkom takmi\u010denju \u201cZvezde granda\u201d dve sezone i do\u0161ao do drugog kruga, \u0161to me nije obeshrabrilo da se opet prijavim i da poka\u017eem svoje muzi\u010dke sposobnosti.\u201d<\/em><\/p>\n<p>Ovaj talentovani mladi peva\u010d je nedavno objavio pesmu u saradnji sa Du\u0161anom Popovi\u0107em koji je zadu\u017een za aran\u017eman i u \u010dijem je studiju u Mitrovici snimio pesmu.<\/p>\n<p><em>\u201eIdeja da snimim cover pesmu potekla je krajem pro\u0161le godine. U saradnji sa profesorom iz \u0161kole pevanja odabrali smo pesmu &#8220;Gde \u0107u sad moja ru\u017eo&#8221; od D\u017eeja Ramadanovskog. Ovu pesmu sam snimio jer sam voleo kako je D\u017eej pevao, voleo sam njegov stil pevanja. Nadam se da je ovo samo po\u010detak i da \u0107u u bliskoj budu\u0107nosti raditi jo\u0161 ovakvih stvari i ako sve bude kako treba snimiti svoju pesmu ili album.\u201d<\/em><\/p>\n<p>U is\u010dekivanju nove pesme, poslu\u0161ajte i pogledajte spot na slede\u0107em linku: <a href=\"https:\/\/www.youtube.com\/watch?v=rEUPwfgWPjg\">Nikola Lekic &#8211; Gde cu sad moja ruzo (COVER) &#8211; YouTube<\/a><\/p>\n<p>&nbsp;<\/p>\n","protected":false},"excerpt":{"rendered":"<p>Nikola Leki\u0107 je mladi peva\u010d koji je pre tri godine bio deo jednog\u00a0 muzi\u010dkog\u00a0 takmi\u010denja, gde je postigao zapa\u017eene rezultate.\u00a0 Nedavno je objavio obradu pesme \u201cGde \u0107u sad moja ru\u017eo\u201d , za koju je snimio i spot. Ka\u017ee da mu je muzika hobi, ali i da je oduvek gajio strast prema pevanju: \u201eProfesionalnim pevanjem sam&hellip;<\/p>\n","protected":false},"author":9,"featured_media":12492,"comment_status":"closed","ping_status":"closed","sticky":false,"template":"","format":"standard","meta":{"footnotes":""},"categories":[2],"tags":[],"class_list":["post-12489","post","type-post","status-publish","format-standard","has-post-thumbnail","hentry","category-news","category-2","description-off"],"_links":{"self":[{"href":"https:\/\/radiokfor.com\/2\/wp-json\/wp\/v2\/posts\/12489","targetHints":{"allow":["GET"]}}],"collection":[{"href":"https:\/\/radiokfor.com\/2\/wp-json\/wp\/v2\/posts"}],"about":[{"href":"https:\/\/radiokfor.com\/2\/wp-json\/wp\/v2\/types\/post"}],"author":[{"embeddable":true,"href":"https:\/\/radiokfor.com\/2\/wp-json\/wp\/v2\/users\/9"}],"replies":[{"embeddable":true,"href":"https:\/\/radiokfor.com\/2\/wp-json\/wp\/v2\/comments?post=12489"}],"version-history":[{"count":3,"href":"https:\/\/radiokfor.com\/2\/wp-json\/wp\/v2\/posts\/12489\/revisions"}],"predecessor-version":[{"id":12512,"href":"https:\/\/radiokfor.com\/2\/wp-json\/wp\/v2\/posts\/12489\/revisions\/12512"}],"wp:featuredmedia":[{"embeddable":true,"href":"https:\/\/radiokfor.com\/2\/wp-json\/wp\/v2\/media\/12492"}],"wp:attachment":[{"href":"https:\/\/radiokfor.com\/2\/wp-json\/wp\/v2\/media?parent=12489"}],"wp:term":[{"taxonomy":"category","embeddable":true,"href":"https:\/\/radiokfor.com\/2\/wp-json\/wp\/v2\/categories?post=12489"},{"taxonomy":"post_tag","embeddable":true,"href":"https:\/\/radiokfor.com\/2\/wp-json\/wp\/v2\/tags?post=12489"}],"curies":[{"name":"wp","href":"https:\/\/api.w.org\/{rel}","templated":true}]}}