{"id":12384,"date":"2021-05-21T09:44:07","date_gmt":"2021-05-21T09:44:07","guid":{"rendered":"http:\/\/radiokfor.com\/2\/?p=12384"},"modified":"2021-05-21T09:47:11","modified_gmt":"2021-05-21T09:47:11","slug":"svetski-dan-kulturne-raznolikosti-za-dijalog-i-razvoj","status":"publish","type":"post","link":"https:\/\/radiokfor.com\/2\/svetski-dan-kulturne-raznolikosti-za-dijalog-i-razvoj\/","title":{"rendered":"Svetski dan kulturne raznolikosti za dijalog i razvoj"},"content":{"rendered":"<p>Glavna skup\u0161tina UNESCO-a usvojila je 21. maja 2001. Op\u0161tu deklaraciju o kulturnoj raznolikosti \u010diji je cilj pomo\u0107i dr\u017eavama da u sopstvenim sredinama po\u0161tuju i promovi\u0161u kulturnu raznolikost, a od 2002. godine 21. maj progla\u0161en je za Svetski dan kulturne raznolikosti za dijalog i razvoj.<\/p>\n<p>U na\u0161em sve raznovrsnijem svetu, za\u0161tita kulturne raznovrsnosti predstavlja eti\u010dki imperativ, nerazdvojiv od po\u0161tovanja ljudskog dostojanstva, ljudskih prava i osnovnih sloboda.<\/p>\n<p>Sve kulture i civilizacije doprinose bogatstvu \u010dove\u010danstva. Kulturna raznolikost je snaga razvoja temeljenog na toleranciji, me\u0111usobnom po\u0161tovanju, razumevanju i prihvatanju.<\/p>\n","protected":false},"excerpt":{"rendered":"<p>Glavna skup\u0161tina UNESCO-a usvojila je 21. maja 2001. Op\u0161tu deklaraciju o kulturnoj raznolikosti \u010diji je cilj pomo\u0107i dr\u017eavama da u sopstvenim sredinama po\u0161tuju i promovi\u0161u kulturnu raznolikost, a od 2002. godine 21. maj progla\u0161en je za Svetski dan kulturne raznolikosti za dijalog i razvoj. U na\u0161em sve raznovrsnijem svetu, za\u0161tita kulturne raznovrsnosti predstavlja eti\u010dki imperativ,&hellip;<\/p>\n","protected":false},"author":10,"featured_media":12387,"comment_status":"closed","ping_status":"closed","sticky":false,"template":"","format":"standard","meta":{"footnotes":""},"categories":[2],"tags":[],"class_list":["post-12384","post","type-post","status-publish","format-standard","has-post-thumbnail","hentry","category-news","category-2","description-off"],"_links":{"self":[{"href":"https:\/\/radiokfor.com\/2\/wp-json\/wp\/v2\/posts\/12384","targetHints":{"allow":["GET"]}}],"collection":[{"href":"https:\/\/radiokfor.com\/2\/wp-json\/wp\/v2\/posts"}],"about":[{"href":"https:\/\/radiokfor.com\/2\/wp-json\/wp\/v2\/types\/post"}],"author":[{"embeddable":true,"href":"https:\/\/radiokfor.com\/2\/wp-json\/wp\/v2\/users\/10"}],"replies":[{"embeddable":true,"href":"https:\/\/radiokfor.com\/2\/wp-json\/wp\/v2\/comments?post=12384"}],"version-history":[{"count":1,"href":"https:\/\/radiokfor.com\/2\/wp-json\/wp\/v2\/posts\/12384\/revisions"}],"predecessor-version":[{"id":12386,"href":"https:\/\/radiokfor.com\/2\/wp-json\/wp\/v2\/posts\/12384\/revisions\/12386"}],"wp:featuredmedia":[{"embeddable":true,"href":"https:\/\/radiokfor.com\/2\/wp-json\/wp\/v2\/media\/12387"}],"wp:attachment":[{"href":"https:\/\/radiokfor.com\/2\/wp-json\/wp\/v2\/media?parent=12384"}],"wp:term":[{"taxonomy":"category","embeddable":true,"href":"https:\/\/radiokfor.com\/2\/wp-json\/wp\/v2\/categories?post=12384"},{"taxonomy":"post_tag","embeddable":true,"href":"https:\/\/radiokfor.com\/2\/wp-json\/wp\/v2\/tags?post=12384"}],"curies":[{"name":"wp","href":"https:\/\/api.w.org\/{rel}","templated":true}]}}