{"id":12351,"date":"2021-05-18T06:53:45","date_gmt":"2021-05-18T06:53:45","guid":{"rendered":"http:\/\/radiokfor.com\/2\/?p=12351"},"modified":"2021-05-18T06:53:45","modified_gmt":"2021-05-18T06:53:45","slug":"medunarodni-dan-pomena-na-preminule-od-aids-a","status":"publish","type":"post","link":"https:\/\/radiokfor.com\/2\/medunarodni-dan-pomena-na-preminule-od-aids-a\/","title":{"rendered":"Me\u0111unarodni dan pomena na preminule od AIDS-a"},"content":{"rendered":"<p>Me\u0111unarodni dan pomena na preminule od AIDS-a je tematski dan \u010diji je cilj povec\u0301anje znanja o HIV-u i AIDS-u i pada na trec\u0301u nedelju u maju. Iza pokreta stoji GNP + (Globalna mre\u017ea ljudi koji \u017eive sa HIV-om).<\/p>\n<p>Ovaj dan je ustanovljen 1983. godine i ne treba ga me\u0161ati sa Svetskim danom borbe protiv AIDS-a koji je po\u010deo da se obele\u017eava 5 godina kasnije.<\/p>\n<p>Istorijat ovog dana povezan je sa po\u010detkom \u201980-tih godina dvadesetog veka kada su \u010detvorica mladi\u0107a, obolela od side, organizovali veliki mar\u0161 u San Francisku u cilju odavanja po\u010dasti preminulima od ove bolesti, kao i u znak podr\u0161ke njihovim porodicama.<\/p>\n","protected":false},"excerpt":{"rendered":"<p>Me\u0111unarodni dan pomena na preminule od AIDS-a je tematski dan \u010diji je cilj povec\u0301anje znanja o HIV-u i AIDS-u i pada na trec\u0301u nedelju u maju. Iza pokreta stoji GNP + (Globalna mre\u017ea ljudi koji \u017eive sa HIV-om). Ovaj dan je ustanovljen 1983. godine i ne treba ga me\u0161ati sa Svetskim danom borbe protiv AIDS-a&hellip;<\/p>\n","protected":false},"author":2,"featured_media":12352,"comment_status":"closed","ping_status":"closed","sticky":false,"template":"","format":"standard","meta":{"footnotes":""},"categories":[2],"tags":[],"class_list":["post-12351","post","type-post","status-publish","format-standard","has-post-thumbnail","hentry","category-news","category-2","description-off"],"_links":{"self":[{"href":"https:\/\/radiokfor.com\/2\/wp-json\/wp\/v2\/posts\/12351","targetHints":{"allow":["GET"]}}],"collection":[{"href":"https:\/\/radiokfor.com\/2\/wp-json\/wp\/v2\/posts"}],"about":[{"href":"https:\/\/radiokfor.com\/2\/wp-json\/wp\/v2\/types\/post"}],"author":[{"embeddable":true,"href":"https:\/\/radiokfor.com\/2\/wp-json\/wp\/v2\/users\/2"}],"replies":[{"embeddable":true,"href":"https:\/\/radiokfor.com\/2\/wp-json\/wp\/v2\/comments?post=12351"}],"version-history":[{"count":1,"href":"https:\/\/radiokfor.com\/2\/wp-json\/wp\/v2\/posts\/12351\/revisions"}],"predecessor-version":[{"id":12353,"href":"https:\/\/radiokfor.com\/2\/wp-json\/wp\/v2\/posts\/12351\/revisions\/12353"}],"wp:featuredmedia":[{"embeddable":true,"href":"https:\/\/radiokfor.com\/2\/wp-json\/wp\/v2\/media\/12352"}],"wp:attachment":[{"href":"https:\/\/radiokfor.com\/2\/wp-json\/wp\/v2\/media?parent=12351"}],"wp:term":[{"taxonomy":"category","embeddable":true,"href":"https:\/\/radiokfor.com\/2\/wp-json\/wp\/v2\/categories?post=12351"},{"taxonomy":"post_tag","embeddable":true,"href":"https:\/\/radiokfor.com\/2\/wp-json\/wp\/v2\/tags?post=12351"}],"curies":[{"name":"wp","href":"https:\/\/api.w.org\/{rel}","templated":true}]}}