{"id":12036,"date":"2021-04-19T09:32:51","date_gmt":"2021-04-19T09:32:51","guid":{"rendered":"http:\/\/radiokfor.com\/2\/?p=12036"},"modified":"2021-04-19T09:32:51","modified_gmt":"2021-04-19T09:32:51","slug":"zajedno-u-borbi-protiv-kovida-19","status":"publish","type":"post","link":"https:\/\/radiokfor.com\/2\/zajedno-u-borbi-protiv-kovida-19\/","title":{"rendered":"Zajedno u borbi protiv kovida-19"},"content":{"rendered":"<p>Iako su antikovid mere ubla\u017eene, pa od danas mo\u017eete u restorane i tr\u017ene centre, to ne zna\u010di da je vreme za opu\u0161tanje. Lekari upozoravaju da je i dalje veliki broj pozitivnih slu\u010dajeva i da je neophodno po\u0161tovati sve mere u cilju spre\u010davanja \u0161irenja kovida-19.<\/p>\n<p>Lekar op\u0161te prakse, <strong>Milena Stankovi\u0107<\/strong>, skre\u0107e pa\u017enju na va\u017enost preventivnih mera:<\/p>\n<p>\u201e<em>Pandemija korona virusa i dalje traje. Va\u017eno je da svi mi, bez izuzetaka, po\u0161tujemo mere, odnosno da nosimo maske, dr\u017eimo distancu i vodimo ra\u010duna o li\u010dnoj higijeni. Tako \u0107ete sa\u010duvati sebe i naravno pomo\u0107i lekarima da \u0161to pre, zajedni\u010dkim snagama prevazi\u0111emo ovu situaciju. Tako\u0111e, veoma je va\u017eno izbegavati okupljanja i dru\u017eenja.\u201c <\/em><\/p>\n<p>Od danas se i \u0111aci vra\u0107aju u svoje klupe, ali u manjim grupama i uz po\u0161tovanje preporu\u010denih mera.<\/p>\n","protected":false},"excerpt":{"rendered":"<p>Iako su antikovid mere ubla\u017eene, pa od danas mo\u017eete u restorane i tr\u017ene centre, to ne zna\u010di da je vreme za opu\u0161tanje. Lekari upozoravaju da je i dalje veliki broj pozitivnih slu\u010dajeva i da je neophodno po\u0161tovati sve mere u cilju spre\u010davanja \u0161irenja kovida-19. Lekar op\u0161te prakse, Milena Stankovi\u0107, skre\u0107e pa\u017enju na va\u017enost preventivnih mera:&hellip;<\/p>\n","protected":false},"author":9,"featured_media":12037,"comment_status":"closed","ping_status":"closed","sticky":false,"template":"","format":"standard","meta":{"footnotes":""},"categories":[2],"tags":[2281],"class_list":["post-12036","post","type-post","status-publish","format-standard","has-post-thumbnail","hentry","category-news","tag-covid","category-2","description-off"],"_links":{"self":[{"href":"https:\/\/radiokfor.com\/2\/wp-json\/wp\/v2\/posts\/12036","targetHints":{"allow":["GET"]}}],"collection":[{"href":"https:\/\/radiokfor.com\/2\/wp-json\/wp\/v2\/posts"}],"about":[{"href":"https:\/\/radiokfor.com\/2\/wp-json\/wp\/v2\/types\/post"}],"author":[{"embeddable":true,"href":"https:\/\/radiokfor.com\/2\/wp-json\/wp\/v2\/users\/9"}],"replies":[{"embeddable":true,"href":"https:\/\/radiokfor.com\/2\/wp-json\/wp\/v2\/comments?post=12036"}],"version-history":[{"count":1,"href":"https:\/\/radiokfor.com\/2\/wp-json\/wp\/v2\/posts\/12036\/revisions"}],"predecessor-version":[{"id":12038,"href":"https:\/\/radiokfor.com\/2\/wp-json\/wp\/v2\/posts\/12036\/revisions\/12038"}],"wp:featuredmedia":[{"embeddable":true,"href":"https:\/\/radiokfor.com\/2\/wp-json\/wp\/v2\/media\/12037"}],"wp:attachment":[{"href":"https:\/\/radiokfor.com\/2\/wp-json\/wp\/v2\/media?parent=12036"}],"wp:term":[{"taxonomy":"category","embeddable":true,"href":"https:\/\/radiokfor.com\/2\/wp-json\/wp\/v2\/categories?post=12036"},{"taxonomy":"post_tag","embeddable":true,"href":"https:\/\/radiokfor.com\/2\/wp-json\/wp\/v2\/tags?post=12036"}],"curies":[{"name":"wp","href":"https:\/\/api.w.org\/{rel}","templated":true}]}}