{"id":11799,"date":"2021-03-30T09:43:45","date_gmt":"2021-03-30T09:43:45","guid":{"rendered":"http:\/\/radiokfor.com\/2\/?p=11799"},"modified":"2021-03-30T09:43:45","modified_gmt":"2021-03-30T09:43:45","slug":"svetski-dan-borbe-protiv-bipolarnog-poremecaja","status":"publish","type":"post","link":"https:\/\/radiokfor.com\/2\/svetski-dan-borbe-protiv-bipolarnog-poremecaja\/","title":{"rendered":"Svetski dan borbe protiv bipolarnog poreme\u0107aja"},"content":{"rendered":"<p>Danas se \u0161irom sveta obele\u017eava <strong>Svetski dan borbe protiv bipolarnog poreme\u0107aja<\/strong>, sa ciljem podizanja svesti i informisanja dru\u0161tva o ovom poreme\u0107aju. Bipolarni poreme\u0107aj je jedan od ne toliko retkih mentalnih poreme\u0107aja, ali koji ume da bude jako slo\u017een.<\/p>\n<p>Ne\u0161to vi\u0161e o ovom poreme\u0107aju i njegovom le\u010denju rekao je dr. med. spec. psihijatrije, <strong>Neboj\u0161a Mladenovi\u0107<\/strong>:<\/p>\n<p>\u201e<em>Bipolarni porema\u0107aj se karakteri\u0161e promenama raspolo\u017eenja, od duboke depresije do ekstremne euforije. One se ponekad brzo smjenjuju, a ponekad pojedina faza traje danima. Izvestan broj osoba s ovim poreme\u0107ajem ose\u0107a samo depresiju, sa tek povremenom tzv. mani\u010dnom fazom. Osnov za svaki tretman bipolarnog poreme\u0107aja je kori\u0161\u0107enje lekova kako bi se povratilo i stabilizovalo normalno raspolo\u017eenje i funkcionisanje. Dodatno, psihoterapija, edukacija pacijenata i porodice i povezivanje sa ljudima sa sli\u010dnim problemima tako\u0111e mogu doprineti le\u010denju<\/em>.\u201c<\/p>\n<p>Treba znati da je bipolarni poreme\u0107aj izle\u010div, da postoji nekoliko faza i da ga se, prosto, ne treba pla\u0161iti, jer se mo\u017ee staviti pod kontrolu, ali uvek pod nadzorom lekara.<\/p>\n<p>&nbsp;<\/p>\n","protected":false},"excerpt":{"rendered":"<p>Danas se \u0161irom sveta obele\u017eava Svetski dan borbe protiv bipolarnog poreme\u0107aja, sa ciljem podizanja svesti i informisanja dru\u0161tva o ovom poreme\u0107aju. Bipolarni poreme\u0107aj je jedan od ne toliko retkih mentalnih poreme\u0107aja, ali koji ume da bude jako slo\u017een. Ne\u0161to vi\u0161e o ovom poreme\u0107aju i njegovom le\u010denju rekao je dr. med. spec. psihijatrije, Neboj\u0161a Mladenovi\u0107: \u201eBipolarni&hellip;<\/p>\n","protected":false},"author":9,"featured_media":11800,"comment_status":"closed","ping_status":"closed","sticky":false,"template":"","format":"standard","meta":{"footnotes":""},"categories":[2],"tags":[],"class_list":["post-11799","post","type-post","status-publish","format-standard","has-post-thumbnail","hentry","category-news","category-2","description-off"],"_links":{"self":[{"href":"https:\/\/radiokfor.com\/2\/wp-json\/wp\/v2\/posts\/11799","targetHints":{"allow":["GET"]}}],"collection":[{"href":"https:\/\/radiokfor.com\/2\/wp-json\/wp\/v2\/posts"}],"about":[{"href":"https:\/\/radiokfor.com\/2\/wp-json\/wp\/v2\/types\/post"}],"author":[{"embeddable":true,"href":"https:\/\/radiokfor.com\/2\/wp-json\/wp\/v2\/users\/9"}],"replies":[{"embeddable":true,"href":"https:\/\/radiokfor.com\/2\/wp-json\/wp\/v2\/comments?post=11799"}],"version-history":[{"count":1,"href":"https:\/\/radiokfor.com\/2\/wp-json\/wp\/v2\/posts\/11799\/revisions"}],"predecessor-version":[{"id":11801,"href":"https:\/\/radiokfor.com\/2\/wp-json\/wp\/v2\/posts\/11799\/revisions\/11801"}],"wp:featuredmedia":[{"embeddable":true,"href":"https:\/\/radiokfor.com\/2\/wp-json\/wp\/v2\/media\/11800"}],"wp:attachment":[{"href":"https:\/\/radiokfor.com\/2\/wp-json\/wp\/v2\/media?parent=11799"}],"wp:term":[{"taxonomy":"category","embeddable":true,"href":"https:\/\/radiokfor.com\/2\/wp-json\/wp\/v2\/categories?post=11799"},{"taxonomy":"post_tag","embeddable":true,"href":"https:\/\/radiokfor.com\/2\/wp-json\/wp\/v2\/tags?post=11799"}],"curies":[{"name":"wp","href":"https:\/\/api.w.org\/{rel}","templated":true}]}}