{"id":1178,"date":"2018-04-27T12:57:25","date_gmt":"2018-04-27T12:57:25","guid":{"rendered":"http:\/\/radiokfor.com\/2\/?p=1178"},"modified":"2018-11-29T12:59:28","modified_gmt":"2018-11-29T12:59:28","slug":"kosovo-polje-razbijanje-granica-kroz-umetnost","status":"publish","type":"post","link":"https:\/\/radiokfor.com\/2\/kosovo-polje-razbijanje-granica-kroz-umetnost\/","title":{"rendered":"Kosovo Polje &#8211; Razbijanje granica kroz umetnost"},"content":{"rendered":"<p>Vi\u0161e desetina mladih ljudi, u\u010denika srednjih i osnovnih \u0161kola iz svih zajednica na Kosovu spojila je umetnost, ljubav prema slikarstvu. Kosovo Polje, mesto odr\u017eavanja \u010detvrte po redu likovne kolonije pod nazivom \u201eRazbijanje granica kroz umetnost\u201c u organizaciji UN Task Force Kosovo, mesto u kojem su ovi mladi ljudi izbrisali granice. \u201eDanas se odr\u017eava \u010detvrto izdanje projekta \u201cRazbijanje granica kroz umetnost\u201d, sa mladim umetnicima koji su do\u0161li iz razli\u010ditih delova Kosova i koji slikaju zajedno za mir, izvan etni\u010dkih granica, izvan verskih granica jer je umetnost univerzalni jezik i to je ono \u0161to ih spaja\u201c, kazala je Jana Minochkina, savetnik za pitanja mladih. Ideja za jednim ovakvim projektom rodila se nakon odr\u017eavanja UN Kosovo Youth Assembly pro\u0161le godine, gde je prihva\u0107en predlog grupe mladih ljudi razli\u010ditih nacionalnosti okupljenih u Youth Task Force Kosovo.<\/p>\n<p>\u201cOvaj doga\u0111aj ima za cilj da kroz umetnost pokazuje raznolikost i mir izme\u0111u nas, kroz razli\u010dite dru\u0161tvene grupe. U skladu sa temom ovog doga\u0111aja zajedno poku\u0161avamo da stvorimo dobar proizvod za dru\u0161tvo\u201d, obja\u0161njava Ljorenta Kadriu, \u010dlanica UN-ove radne grupe za mlade.<\/p>\n<p>Prva likovna kolonija odr\u017eana je u Pri\u0161tini, avgusta 2017. a onda su usledile kolonije u Ka\u010daniku i Gra\u010danici. Aida Red\u017eepagi\u0107 ima 16 godina, \u017eivi u Kosovom Polju i ovo je drugi put da u\u010destvuje u ovo projektu.<\/p>\n<p>\u201ePrvo sam po\u010dela sa \u010detkicama da radim a onda sam se, ako mogu re\u0107i, zaljubila u \u0161patulu, tako se naziva ovaj predmet, i onda vi\u0161e stavljam boje na platnu i vi\u0161e boja koristim i treba vi\u0161e vremena da ostvarim moj cilj i neku moju sliku, ali svi\u0111a mi se, imam strpljenja. Tema je raznolikost i htela sam da uradim ne\u0161to druga\u010dije i neku druga\u010diju kulturu i malo apstraktno, tako da ljudi mogu razmi\u0161ljati o tome \u0161ta sam htela re\u0107i ili da imaju neko svoje mi\u0161ljenje potpuno druga\u010dije od mene, ali bi\u0107e mi drago ako im se svidi\u201c, kazala je Aida.<\/p>\n<p>Aida, Sulejman, Vesna, Lorenta, Jovan, ali i mnogi drugi, zajedno su uz pomo\u0107 umetnosti izbrisali granice.<\/p>\n<p>\u201cUmetnost, ba\u0161 kao jezik emocija, ne poznaje granice. Kao ljudska bic\u0301a sa na\u0161im vrednostima, sa svim na\u0161im prednostima i slabostima, bilo koje vrste granica trebamo ostaviti iza nas, jer mi smo ljudi koji moraju da rade zajedno i da \u017eive zajedno\u201c, poruka je koju je sa ovog skupa uputila Jana Minochkina, najavljuju\u0107i skoro odr\u017eavanje istog projekta na severu Kosova.<\/p>\n","protected":false},"excerpt":{"rendered":"<p>Vi\u0161e desetina mladih ljudi, u\u010denika srednjih i osnovnih \u0161kola iz svih zajednica na Kosovu spojila je umetnost, ljubav prema slikarstvu. Kosovo Polje, mesto odr\u017eavanja \u010detvrte po redu likovne kolonije pod nazivom \u201eRazbijanje granica kroz umetnost\u201c u organizaciji UN Task Force Kosovo, mesto u kojem su ovi mladi ljudi izbrisali granice. \u201eDanas se odr\u017eava \u010detvrto izdanje&hellip;<\/p>\n","protected":false},"author":2,"featured_media":1180,"comment_status":"open","ping_status":"open","sticky":false,"template":"","format":"standard","meta":{"footnotes":""},"categories":[2],"tags":[469,162,229],"class_list":["post-1178","post","type-post","status-publish","format-standard","has-post-thumbnail","hentry","category-news","tag-slikarstvo","tag-umetnost","tag-un","category-2","description-off"],"_links":{"self":[{"href":"https:\/\/radiokfor.com\/2\/wp-json\/wp\/v2\/posts\/1178","targetHints":{"allow":["GET"]}}],"collection":[{"href":"https:\/\/radiokfor.com\/2\/wp-json\/wp\/v2\/posts"}],"about":[{"href":"https:\/\/radiokfor.com\/2\/wp-json\/wp\/v2\/types\/post"}],"author":[{"embeddable":true,"href":"https:\/\/radiokfor.com\/2\/wp-json\/wp\/v2\/users\/2"}],"replies":[{"embeddable":true,"href":"https:\/\/radiokfor.com\/2\/wp-json\/wp\/v2\/comments?post=1178"}],"version-history":[{"count":1,"href":"https:\/\/radiokfor.com\/2\/wp-json\/wp\/v2\/posts\/1178\/revisions"}],"predecessor-version":[{"id":1181,"href":"https:\/\/radiokfor.com\/2\/wp-json\/wp\/v2\/posts\/1178\/revisions\/1181"}],"wp:featuredmedia":[{"embeddable":true,"href":"https:\/\/radiokfor.com\/2\/wp-json\/wp\/v2\/media\/1180"}],"wp:attachment":[{"href":"https:\/\/radiokfor.com\/2\/wp-json\/wp\/v2\/media?parent=1178"}],"wp:term":[{"taxonomy":"category","embeddable":true,"href":"https:\/\/radiokfor.com\/2\/wp-json\/wp\/v2\/categories?post=1178"},{"taxonomy":"post_tag","embeddable":true,"href":"https:\/\/radiokfor.com\/2\/wp-json\/wp\/v2\/tags?post=1178"}],"curies":[{"name":"wp","href":"https:\/\/api.w.org\/{rel}","templated":true}]}}