{"id":11322,"date":"2021-02-24T10:38:33","date_gmt":"2021-02-24T10:38:33","guid":{"rendered":"http:\/\/radiokfor.com\/2\/?p=11322"},"modified":"2021-02-24T10:38:33","modified_gmt":"2021-02-24T10:38:33","slug":"prijavite-se-za-youth-check-in","status":"publish","type":"post","link":"https:\/\/radiokfor.com\/2\/prijavite-se-za-youth-check-in\/","title":{"rendered":"Prijavite se za \u201eYouth Check In\u201c"},"content":{"rendered":"<p>\u017divi\u0161 u \u0110akovici, Kosovom Polju, Mitrovici(Juz\u030cnoj ili Severnoj), Grac\u030canici ili Gnjilanu?<\/p>\n<p>Kroz umetnic\u030cke forme poput poezije, fotografije, video snimaka, animacije, blogova ili c\u030cak kroz kratke pric\u030ce poka\u017ei \u0161ta te inspiri\u0161e da \u017eivi\u0161 na Kosovu, koliko je bitno da se po\u0161tuju ljudska prava, kako da zagovara\u0161 i osna\u017ei\u0161 mlade ljude, kako da \u017eivi\u0161 u miru sa svim zajednicama na Kosovu, i u\u010destvuj u takmi\u010denju pod nazivom \u201eYouth Check In\u201c.<\/p>\n<p>\u201eKroz ovaj projekat smo \u017eeleli da umetnost i kreativnost upotrebimo kao alate za izra\u017eavanje najlep\u0161eg \u0161to se nalazi u svakoj mladoj osobi koja u\u010destvuje u ovom projektu. Umetnost ujedinjuje ljude, ru\u0161i predrasude i stvara lepe uspomene. Na kraju dana svi te\u017ee ne\u010dem lepom i pozitivnom. To je cilj celog na\u0161eg projekta za koji sam uveren da c\u0301e uspeti \u201c, ka\u017ee koordinator projekta, Gentian Krasni\u0107i.<\/p>\n<p>Ova inicijativa je ideja mladih ljudi koji su aktivisti za ljudska prava i koji z\u030cele da podrz\u030ce talentovane mlade ljude kako bi pokazali svoj talenat, zato iskoristi priliku jer je konkurs otvoren do 20. marta 2021.<\/p>\n<p>\u201eProjekat je zami\u0161ljen da ujedini razli\u010dite zajednice sa Kosova kroz umetnost, sve u cilju promocije dijaloga izme\u0111u zajednica, ali i kako bi mladima dali prostora za slobodno izra\u017eavanje\u201c, napominje koordinator za komunikaciju i odnose sa javno\u0161\u0107u, Mila Mihajlovi\u0107.<\/p>\n<p>Ako \u017eivi\u0161 u jedno od gore navedenih mesta, a pritom za svoj dosad neobjavljeni rad \u017eeli\u0161 da i drugi \u010duju\/vide, pos\u030calji svoje umetnic\u030cke kreacije na email adresu: youthcheckin2020@gmail.com uz slede\u0107e informacije: Ime\/Prezime\/Godine\/Broj telefona i mesto u kom z\u030civi\u0161.<\/p>\n<p>Izrazi se i u\u010destvuj za odr\u017eivo prijateljstvo!<\/p>\n","protected":false},"excerpt":{"rendered":"<p>\u017divi\u0161 u \u0110akovici, Kosovom Polju, Mitrovici(Juz\u030cnoj ili Severnoj), Grac\u030canici ili Gnjilanu? Kroz umetnic\u030cke forme poput poezije, fotografije, video snimaka, animacije, blogova ili c\u030cak kroz kratke pric\u030ce poka\u017ei \u0161ta te inspiri\u0161e da \u017eivi\u0161 na Kosovu, koliko je bitno da se po\u0161tuju ljudska prava, kako da zagovara\u0161 i osna\u017ei\u0161 mlade ljude, kako da \u017eivi\u0161 u miru sa&hellip;<\/p>\n","protected":false},"author":11,"featured_media":11323,"comment_status":"closed","ping_status":"closed","sticky":false,"template":"","format":"standard","meta":{"footnotes":""},"categories":[2],"tags":[2729,258,2728],"class_list":["post-11322","post","type-post","status-publish","format-standard","has-post-thumbnail","hentry","category-news","tag-multietnicki-dogadaj","tag-takmicenje","tag-youth-check-in","category-2","description-off"],"_links":{"self":[{"href":"https:\/\/radiokfor.com\/2\/wp-json\/wp\/v2\/posts\/11322","targetHints":{"allow":["GET"]}}],"collection":[{"href":"https:\/\/radiokfor.com\/2\/wp-json\/wp\/v2\/posts"}],"about":[{"href":"https:\/\/radiokfor.com\/2\/wp-json\/wp\/v2\/types\/post"}],"author":[{"embeddable":true,"href":"https:\/\/radiokfor.com\/2\/wp-json\/wp\/v2\/users\/11"}],"replies":[{"embeddable":true,"href":"https:\/\/radiokfor.com\/2\/wp-json\/wp\/v2\/comments?post=11322"}],"version-history":[{"count":1,"href":"https:\/\/radiokfor.com\/2\/wp-json\/wp\/v2\/posts\/11322\/revisions"}],"predecessor-version":[{"id":11324,"href":"https:\/\/radiokfor.com\/2\/wp-json\/wp\/v2\/posts\/11322\/revisions\/11324"}],"wp:featuredmedia":[{"embeddable":true,"href":"https:\/\/radiokfor.com\/2\/wp-json\/wp\/v2\/media\/11323"}],"wp:attachment":[{"href":"https:\/\/radiokfor.com\/2\/wp-json\/wp\/v2\/media?parent=11322"}],"wp:term":[{"taxonomy":"category","embeddable":true,"href":"https:\/\/radiokfor.com\/2\/wp-json\/wp\/v2\/categories?post=11322"},{"taxonomy":"post_tag","embeddable":true,"href":"https:\/\/radiokfor.com\/2\/wp-json\/wp\/v2\/tags?post=11322"}],"curies":[{"name":"wp","href":"https:\/\/api.w.org\/{rel}","templated":true}]}}