{"id":1125,"date":"2018-05-16T10:50:14","date_gmt":"2018-05-16T10:50:14","guid":{"rendered":"http:\/\/radiokfor.com\/2\/?p=1125"},"modified":"2018-11-29T10:52:52","modified_gmt":"2018-11-29T10:52:52","slug":"konferencija-supertata-svetski-dan-porodice","status":"publish","type":"post","link":"https:\/\/radiokfor.com\/2\/konferencija-supertata-svetski-dan-porodice\/","title":{"rendered":"Konferencija #Supertata &#8211; Svetski dan porodice"},"content":{"rendered":"<p>Omladinsko edukativni klub Sinergija organizovao je dvodnevnu Konferenciju o aktivnom o\u010dinstvu i ulozi o\u010deva u odrastanju dece povodom Svetskog dana porodice pod nazivom &#8220;#Supertata&#8221;. Desetine predstavnika dr\u017eavnih institucija, nevladinih organizacija, mladih i gra\u0111ana je u\u010destvovalo u ovom doga\u0111aju.<\/p>\n<p>Konferencija je po\u010dela performansom \u201cTata, alal vera\u201d u izvo\u0111enju Pozori\u0161ne grupe kluba \u201eBudi Mu\u0161ko\u201c. U panelu prvog dana konferencije su govorili: istaknuti mitrova\u010dki pedijatar Miljan Jankovi\u0107, predstavnik Komiteta za me\u0111unarodnu saradnju studenata medicine Stefan \u017divkovi\u0107, za\u0161titno lice \u201cSupertata\u201d kampanje i supertata iz 2017. godine doktor Milo\u0161 An\u0111elkovi\u0107, Docent dr. Dragana Stanojevi\u0107 sa Filozofskog fakulteta i Protojerej Srpske pravoslavne crkve Radoslav Jankovi\u0107,.<\/p>\n<p>\u201cOmladinska organizacija Sinergija iz Mitrovice tre\u0107u godinu zaredom obele\u017eava Svetski dan porodice i organizuje konferenciju #Supertata. Svakoj konferenciji #Supertata u prethodne tri godine prethodila je uli\u010dna akcija ispred pred\u0161kolske ustanove \u201eDanica Jaramaz\u201c u Mitrovici , i cilj nam je u su\u0161tini da podstaknemo o\u010deve da budu mnogo anga\u017eovaniji I mnogo aktivniji u odrastanju svoje dece\u201d, poru\u010dio je izvr\u0161ni direktor Sinergije Stefan Veljkovi\u0107<\/p>\n<p>Uz bezuslovnu podr\u0161ku Populacionog fonda UN, CARE Balkans i OAK Foundation, a sa ciljem podizanja svesti o bitnosti uklju\u010divanja o\u010deva u svakodnevnim aktivnostima svoje dece, Sinergija \u0107e nastaviti sa ovakvim aktivnostima.<\/p>\n","protected":false},"excerpt":{"rendered":"<p>Omladinsko edukativni klub Sinergija organizovao je dvodnevnu Konferenciju o aktivnom o\u010dinstvu i ulozi o\u010deva u odrastanju dece povodom Svetskog dana porodice pod nazivom &#8220;#Supertata&#8221;. Desetine predstavnika dr\u017eavnih institucija, nevladinih organizacija, mladih i gra\u0111ana je u\u010destvovalo u ovom doga\u0111aju. Konferencija je po\u010dela performansom \u201cTata, alal vera\u201d u izvo\u0111enju Pozori\u0161ne grupe kluba \u201eBudi Mu\u0161ko\u201c. U panelu prvog&hellip;<\/p>\n","protected":false},"author":2,"featured_media":1127,"comment_status":"open","ping_status":"open","sticky":false,"template":"","format":"standard","meta":{"footnotes":""},"categories":[2],"tags":[20,61,448],"class_list":["post-1125","post","type-post","status-publish","format-standard","has-post-thumbnail","hentry","category-news","tag-severna-mitrovica","tag-sinergija","tag-supertata","category-2","description-off"],"_links":{"self":[{"href":"https:\/\/radiokfor.com\/2\/wp-json\/wp\/v2\/posts\/1125","targetHints":{"allow":["GET"]}}],"collection":[{"href":"https:\/\/radiokfor.com\/2\/wp-json\/wp\/v2\/posts"}],"about":[{"href":"https:\/\/radiokfor.com\/2\/wp-json\/wp\/v2\/types\/post"}],"author":[{"embeddable":true,"href":"https:\/\/radiokfor.com\/2\/wp-json\/wp\/v2\/users\/2"}],"replies":[{"embeddable":true,"href":"https:\/\/radiokfor.com\/2\/wp-json\/wp\/v2\/comments?post=1125"}],"version-history":[{"count":1,"href":"https:\/\/radiokfor.com\/2\/wp-json\/wp\/v2\/posts\/1125\/revisions"}],"predecessor-version":[{"id":1128,"href":"https:\/\/radiokfor.com\/2\/wp-json\/wp\/v2\/posts\/1125\/revisions\/1128"}],"wp:featuredmedia":[{"embeddable":true,"href":"https:\/\/radiokfor.com\/2\/wp-json\/wp\/v2\/media\/1127"}],"wp:attachment":[{"href":"https:\/\/radiokfor.com\/2\/wp-json\/wp\/v2\/media?parent=1125"}],"wp:term":[{"taxonomy":"category","embeddable":true,"href":"https:\/\/radiokfor.com\/2\/wp-json\/wp\/v2\/categories?post=1125"},{"taxonomy":"post_tag","embeddable":true,"href":"https:\/\/radiokfor.com\/2\/wp-json\/wp\/v2\/tags?post=1125"}],"curies":[{"name":"wp","href":"https:\/\/api.w.org\/{rel}","templated":true}]}}