{"id":11223,"date":"2021-02-17T00:00:11","date_gmt":"2021-02-17T00:00:11","guid":{"rendered":"http:\/\/radiokfor.com\/2\/?p=11223"},"modified":"2021-02-16T21:10:58","modified_gmt":"2021-02-16T21:10:58","slug":"da-li-vas-izgled-utice-na-samopostovanje","status":"publish","type":"post","link":"https:\/\/radiokfor.com\/2\/da-li-vas-izgled-utice-na-samopostovanje\/","title":{"rendered":"Da li va\u0161 izgled uti\u010de na samopo\u0161tovanje?"},"content":{"rendered":"<p>Slika koju imamo o sebi boji na\u0161 svakodnevni \u017eivot i sve aktivnosti koje preduzimamo. Zbog toga je va\u017eno da je ta slika \u0161to lep\u0161a, pozitivnija, da imamo vi\u0161e poverenja u sopstvene sposobnosti i da smo svesni li\u010dne vrednosti!<\/p>\n<p>Da li i koliko spolja\u0161nji izgled uti\u010de na samopo\u0161tovanje pitali smo Aleksandru Nedeljkovi\u0107 iz Lapljeg Sela, koja priznaje da se dobar spolja\u0161nji izgled i visoko samopo\u0161tovanje ne posti\u017ee preko no\u0107i, da za obe stvari treba uporno ve\u017ebati.<\/p>\n<p><em>\u201eNisam u potpunosti zadovoljna, ali upravo zbog toga dosta radim na svom izgledu. Spolja\u0161ni izgled uti\u010de nekad na moje samopo\u0161tovanje, ali ne \u010desto i ne toliko da me jako poljulja.\u201c<\/em><\/p>\n<p>Svestan svojih kvaliteta Radivoje Stankovi\u0107 iz Gotovu\u0161e isti\u010de da spolja\u0161nji izgled nije presudan ali nekom mo\u017ee poljuljati samopo\u0161tovanje.<\/p>\n<p><em>\u201eLjudi sa zdravim samopo\u0161tovanjem nemaju potrebu da se dokazuju kroz spolja\u0161nje kriterijume, kao \u0161to su status, novac, fizi\u010dki izgled. Treba biti svestan svojih kvaliteta, voleti svoje telo, ali to ne zna\u010di da smo uvek zadovoljni izgledom.\u201c<\/em><\/p>\n<p>Slika tela i samopo\u0161tovanje po\u010dinju u na\u0161em umu, a ne u ogledalu!<\/p>\n","protected":false},"excerpt":{"rendered":"<p>Slika koju imamo o sebi boji na\u0161 svakodnevni \u017eivot i sve aktivnosti koje preduzimamo. Zbog toga je va\u017eno da je ta slika \u0161to lep\u0161a, pozitivnija, da imamo vi\u0161e poverenja u sopstvene sposobnosti i da smo svesni li\u010dne vrednosti! Da li i koliko spolja\u0161nji izgled uti\u010de na samopo\u0161tovanje pitali smo Aleksandru Nedeljkovi\u0107 iz Lapljeg Sela, koja&hellip;<\/p>\n","protected":false},"author":11,"featured_media":11224,"comment_status":"closed","ping_status":"closed","sticky":false,"template":"","format":"standard","meta":{"footnotes":""},"categories":[2],"tags":[2716,2718,2717],"class_list":["post-11223","post","type-post","status-publish","format-standard","has-post-thumbnail","hentry","category-news","tag-samopostovanje","tag-slika-tela","tag-spoljasnji-izgled","category-2","description-off"],"_links":{"self":[{"href":"https:\/\/radiokfor.com\/2\/wp-json\/wp\/v2\/posts\/11223","targetHints":{"allow":["GET"]}}],"collection":[{"href":"https:\/\/radiokfor.com\/2\/wp-json\/wp\/v2\/posts"}],"about":[{"href":"https:\/\/radiokfor.com\/2\/wp-json\/wp\/v2\/types\/post"}],"author":[{"embeddable":true,"href":"https:\/\/radiokfor.com\/2\/wp-json\/wp\/v2\/users\/11"}],"replies":[{"embeddable":true,"href":"https:\/\/radiokfor.com\/2\/wp-json\/wp\/v2\/comments?post=11223"}],"version-history":[{"count":1,"href":"https:\/\/radiokfor.com\/2\/wp-json\/wp\/v2\/posts\/11223\/revisions"}],"predecessor-version":[{"id":11225,"href":"https:\/\/radiokfor.com\/2\/wp-json\/wp\/v2\/posts\/11223\/revisions\/11225"}],"wp:featuredmedia":[{"embeddable":true,"href":"https:\/\/radiokfor.com\/2\/wp-json\/wp\/v2\/media\/11224"}],"wp:attachment":[{"href":"https:\/\/radiokfor.com\/2\/wp-json\/wp\/v2\/media?parent=11223"}],"wp:term":[{"taxonomy":"category","embeddable":true,"href":"https:\/\/radiokfor.com\/2\/wp-json\/wp\/v2\/categories?post=11223"},{"taxonomy":"post_tag","embeddable":true,"href":"https:\/\/radiokfor.com\/2\/wp-json\/wp\/v2\/tags?post=11223"}],"curies":[{"name":"wp","href":"https:\/\/api.w.org\/{rel}","templated":true}]}}