{"id":11103,"date":"2021-02-08T00:30:11","date_gmt":"2021-02-08T00:30:11","guid":{"rendered":"http:\/\/radiokfor.com\/2\/?p=11103"},"modified":"2021-02-07T18:50:04","modified_gmt":"2021-02-07T18:50:04","slug":"kulturna-desavanja-u-februaru","status":"publish","type":"post","link":"https:\/\/radiokfor.com\/2\/kulturna-desavanja-u-februaru\/","title":{"rendered":"Kulturna de\u0161avanja u februaru"},"content":{"rendered":"<p>Pandemija korona virusa uticala je i na kulturna de\u0161avanja, tako da je ve\u0107ina istih, do sada organizovana putem internet platformi.<\/p>\n<p>Nedavno je u Domu kulture &#8220;Gra\u010danica&#8221; premijerno odigrana predstava &#8220;Ribarske sva\u0111e&#8221; u re\u017eiji Milana Karad\u017ei\u0107a. Tako\u0111e, u kulturnom centru &#8220;Akvarijus&#8221; u Mitrovici odr\u017eana je promocija knjige \u201cWho are you\u201d knji\u017eevnice iz Zubinog Potoka, Branke M. Kasalovi\u0107.<\/p>\n<p>Ivan Stojkovi\u0107 iz Doma kulture u Gra\u010danici, rekao nam je koja kulturna\u00a0 de\u0161avanja mo\u017eemo da o\u010dekujemo u februaru:<\/p>\n<p><em>\u201e\u0160to se ti\u010de februara meseca sa kulturnim de\u0161avanjima u Domu kulture Gra\u010danica, ima\u0107emo bogat\u00a0 program. Od pozori\u0161nih predstava i premijera koje se planiraju, bi\u0107e i bogat repertoar biskopskih premijera. Ono \u0161to bih izuzeo iz celukopnog programa je premijera predstave &#8220;Placebo&#8221; \u00a0u re\u017eiji Isidore Gonci\u0107. Ima\u0107emo tako\u0111e i jednu izlo\u017ebu &#8220;Bezimeni&#8221;, koja je postigla veoma dobar uspeh u Novom Sadu. Iskreno se nadam da \u0107emo vrlo brzo po\u010deti i sa bioskopskim programom, ima\u0107emo jedan \u0161kolski \u010das o Holokaustu i antisemitizmu. Trebalo je da se odr\u017ei jo\u0161 jedna premijera u re\u017eiji Nenada Todorovi\u0107a \u00a0&#8220;Antigona&#8221;, me\u0111utim, zbog nekih tehni\u010dkih problema morali smo da otka\u017eemo tu premijeru.\u201d<\/em><\/p>\n<p>Dom Kulture Gra\u010danica bi\u0107e doma\u0107in 13. Festivala za decu i mlade &#8220;Mali Joakim&#8221;, koji \u0107e se premijerno odr\u017eati u Gra\u010danici od 12. do 18. aprila.<\/p>\n<p>Svi doga\u0111aji u Domu kulture od po\u010detka pandemije Covid -19 odr\u017eavaju se uz po\u0161tovanje svih propisanih mera.<\/p>\n","protected":false},"excerpt":{"rendered":"<p>Pandemija korona virusa uticala je i na kulturna de\u0161avanja, tako da je ve\u0107ina istih, do sada organizovana putem internet platformi. Nedavno je u Domu kulture &#8220;Gra\u010danica&#8221; premijerno odigrana predstava &#8220;Ribarske sva\u0111e&#8221; u re\u017eiji Milana Karad\u017ei\u0107a. Tako\u0111e, u kulturnom centru &#8220;Akvarijus&#8221; u Mitrovici odr\u017eana je promocija knjige \u201cWho are you\u201d knji\u017eevnice iz Zubinog Potoka, Branke M.&hellip;<\/p>\n","protected":false},"author":2,"featured_media":11104,"comment_status":"closed","ping_status":"closed","sticky":false,"template":"","format":"standard","meta":{"footnotes":""},"categories":[2],"tags":[],"class_list":["post-11103","post","type-post","status-publish","format-standard","has-post-thumbnail","hentry","category-news","category-2","description-off"],"_links":{"self":[{"href":"https:\/\/radiokfor.com\/2\/wp-json\/wp\/v2\/posts\/11103","targetHints":{"allow":["GET"]}}],"collection":[{"href":"https:\/\/radiokfor.com\/2\/wp-json\/wp\/v2\/posts"}],"about":[{"href":"https:\/\/radiokfor.com\/2\/wp-json\/wp\/v2\/types\/post"}],"author":[{"embeddable":true,"href":"https:\/\/radiokfor.com\/2\/wp-json\/wp\/v2\/users\/2"}],"replies":[{"embeddable":true,"href":"https:\/\/radiokfor.com\/2\/wp-json\/wp\/v2\/comments?post=11103"}],"version-history":[{"count":1,"href":"https:\/\/radiokfor.com\/2\/wp-json\/wp\/v2\/posts\/11103\/revisions"}],"predecessor-version":[{"id":11105,"href":"https:\/\/radiokfor.com\/2\/wp-json\/wp\/v2\/posts\/11103\/revisions\/11105"}],"wp:featuredmedia":[{"embeddable":true,"href":"https:\/\/radiokfor.com\/2\/wp-json\/wp\/v2\/media\/11104"}],"wp:attachment":[{"href":"https:\/\/radiokfor.com\/2\/wp-json\/wp\/v2\/media?parent=11103"}],"wp:term":[{"taxonomy":"category","embeddable":true,"href":"https:\/\/radiokfor.com\/2\/wp-json\/wp\/v2\/categories?post=11103"},{"taxonomy":"post_tag","embeddable":true,"href":"https:\/\/radiokfor.com\/2\/wp-json\/wp\/v2\/tags?post=11103"}],"curies":[{"name":"wp","href":"https:\/\/api.w.org\/{rel}","templated":true}]}}