{"id":10904,"date":"2021-01-20T15:39:19","date_gmt":"2021-01-20T15:39:19","guid":{"rendered":"http:\/\/radiokfor.com\/2\/?p=10904"},"modified":"2021-01-20T15:44:38","modified_gmt":"2021-01-20T15:44:38","slug":"uticaj-tiktok-a-na-mlade","status":"publish","type":"post","link":"https:\/\/radiokfor.com\/2\/uticaj-tiktok-a-na-mlade\/","title":{"rendered":"Uticaj TikTok-a na mlade"},"content":{"rendered":"<p>Pandemija je proizvela ono \u0161to se smatralo \u201emilenijumskom aplikacijom\u201c. Re\u010d je o aplikaciji TikTok koja je postala \u201euteha\u201c miliona mladih i ne samo tokom strogih mera izolacije usmerenih na spre\u010davanje \u0161irenja CoViD-19.<\/p>\n<p>U \u017eelji da istra\u017eimo psiholo\u0161ke efekte ove aplikacije na tinejd\u017eere, razgovarali smo sa psihologom Dafinom Prok\u0161i (Dafina Prokshi).<\/p>\n<p><em>\u201eS obzirom na \u010dinjenicu da je TikTok u poslednje vreme jedna od najpopularnijih i najatraktivnijih platformi, tinejd\u017eeri su joj masovno pristupili. U zavisnosti od li\u010dnosti i vaspitanja, neki tinejd\u017eeri su iskoristili prednost TikTok-a, izra\u017eavajuc\u0301i tako svoju kreativnost kroz video zapise i delec\u0301i svoje ideje sa prijateljima, pribli\u017eavajuc\u0301i se dru\u0161tvu razli\u010ditih nacionalnosti, dok su drugi mo\u017eda patili. Provodili su lepo vreme na aplikaciji ne slute\u0107i da postaju njen \u201cplen&#8221; jer su se upore\u0111avali sa drugima, \u0161to je uticalo na njihovo samopouzdanje i anksioznost.\u201d<\/em><\/p>\n<p>Ova aplikacija obe\u0107ava da \u0107e u budu\u0107nosti voditi vi\u0161e ra\u010duna o privatnosti svojih korisnika, a naro\u010dito onih korisnika starosti od 13 do 15 godina koji \u0107e sada imati samo privatne naloge. Tako\u0111e, zabranjeno je preuzimanje snimaka dece i mla\u0111ih od 16. godina.<\/p>\n","protected":false},"excerpt":{"rendered":"<p>Pandemija je proizvela ono \u0161to se smatralo \u201emilenijumskom aplikacijom\u201c. Re\u010d je o aplikaciji TikTok koja je postala \u201euteha\u201c miliona mladih i ne samo tokom strogih mera izolacije usmerenih na spre\u010davanje \u0161irenja CoViD-19. U \u017eelji da istra\u017eimo psiholo\u0161ke efekte ove aplikacije na tinejd\u017eere, razgovarali smo sa psihologom Dafinom Prok\u0161i (Dafina Prokshi). \u201eS obzirom na \u010dinjenicu da&hellip;<\/p>\n","protected":false},"author":2,"featured_media":10905,"comment_status":"closed","ping_status":"closed","sticky":false,"template":"","format":"standard","meta":{"footnotes":""},"categories":[2],"tags":[],"class_list":["post-10904","post","type-post","status-publish","format-standard","has-post-thumbnail","hentry","category-news","category-2","description-off"],"_links":{"self":[{"href":"https:\/\/radiokfor.com\/2\/wp-json\/wp\/v2\/posts\/10904","targetHints":{"allow":["GET"]}}],"collection":[{"href":"https:\/\/radiokfor.com\/2\/wp-json\/wp\/v2\/posts"}],"about":[{"href":"https:\/\/radiokfor.com\/2\/wp-json\/wp\/v2\/types\/post"}],"author":[{"embeddable":true,"href":"https:\/\/radiokfor.com\/2\/wp-json\/wp\/v2\/users\/2"}],"replies":[{"embeddable":true,"href":"https:\/\/radiokfor.com\/2\/wp-json\/wp\/v2\/comments?post=10904"}],"version-history":[{"count":3,"href":"https:\/\/radiokfor.com\/2\/wp-json\/wp\/v2\/posts\/10904\/revisions"}],"predecessor-version":[{"id":10908,"href":"https:\/\/radiokfor.com\/2\/wp-json\/wp\/v2\/posts\/10904\/revisions\/10908"}],"wp:featuredmedia":[{"embeddable":true,"href":"https:\/\/radiokfor.com\/2\/wp-json\/wp\/v2\/media\/10905"}],"wp:attachment":[{"href":"https:\/\/radiokfor.com\/2\/wp-json\/wp\/v2\/media?parent=10904"}],"wp:term":[{"taxonomy":"category","embeddable":true,"href":"https:\/\/radiokfor.com\/2\/wp-json\/wp\/v2\/categories?post=10904"},{"taxonomy":"post_tag","embeddable":true,"href":"https:\/\/radiokfor.com\/2\/wp-json\/wp\/v2\/tags?post=10904"}],"curies":[{"name":"wp","href":"https:\/\/api.w.org\/{rel}","templated":true}]}}