{"id":10901,"date":"2021-01-22T00:00:09","date_gmt":"2021-01-22T00:00:09","guid":{"rendered":"http:\/\/radiokfor.com\/2\/?p=10901"},"modified":"2021-01-20T10:25:27","modified_gmt":"2021-01-20T10:25:27","slug":"na-kosovu-februara-pocinje-vakcinacija-protiv-covid-a","status":"publish","type":"post","link":"https:\/\/radiokfor.com\/2\/na-kosovu-februara-pocinje-vakcinacija-protiv-covid-a\/","title":{"rendered":"Na Kosovu februara po\u010dinje vakcinacija protiv COVID-a"},"content":{"rendered":"<p>Kao i na mnogim mestima \u0161irom sveta, o\u010dekuje se da vakcinacija protiv COVID-19 uskoro po\u010dne i na Kosovu.<\/p>\n<p>\u0160ef Odeljenja za javne komunikacije u Ministarstvu zdravlja, dr Faik Hoti o\u010dekuje da vakcinacija prioritetnih kategorija na Kosovu po\u010dne u februaru.<\/p>\n<p><em>\u201eKosovo c\u0301e dobiti vakcinu za 20% stanovni\u0161tva, ili 360.000 vakcina, iz mehanizma COVAKS. Postignut je jo\u0161 jedan dogovor sa kompanijom Pfizer, za 535.000 vakcina. Tako\u0111e, Kabinet premijera najavio je jo\u0161 600 000 vakcina koje c\u0301e biti primljene preko Austrije. O\u010dekuje se da c\u0301e vakcinacija prioritetnih kategorija po\u010deti u februaru. Simboli\u010dno, mo\u017ee po\u010deti i ranije, ali se o\u010dekuje da sveobuhvatnija vakcinacija zapo\u010dne u februaru i nastavi se u narednim mesecima.\u201c<\/em><\/p>\n<p>Dr Hoti je dalje rekao da je primena mera za\u0161tite sada veoma va\u017ena, jer se pribli\u017eavamo trenutku po\u010detka vakcinacije, \u0161to se smatra najboljim na\u010dinom za povratak u normalu nakon COVID-a.<\/p>\n<p><em>\u201eO\u010dekuje se da c\u0301e vakcina do sada doneti razliku u le\u010denju COVID-a, odnosno njegovoj prevenciji. Stoga ljudi moraju biti strpljivi, posebno sada kada je nada za povratak u normalu mnogo bli\u017ea nego \u0161to je bila pre nekoliko meseci. Veliki je gubitak ako se ta\u010dno ne razume ta moguc\u0301nost i da se zbog nepa\u017enje i neprimenjivanja mera ugrozi \u017eivot.\u201c<\/em><\/p>\n<p>Dakle, na\u0161 savet je da i dalje nosite maske, dr\u017eite se fizi\u010dke distance i vodite ra\u010duna o svojoj higijeni!<\/p>\n","protected":false},"excerpt":{"rendered":"<p>Kao i na mnogim mestima \u0161irom sveta, o\u010dekuje se da vakcinacija protiv COVID-19 uskoro po\u010dne i na Kosovu. \u0160ef Odeljenja za javne komunikacije u Ministarstvu zdravlja, dr Faik Hoti o\u010dekuje da vakcinacija prioritetnih kategorija na Kosovu po\u010dne u februaru. \u201eKosovo c\u0301e dobiti vakcinu za 20% stanovni\u0161tva, ili 360.000 vakcina, iz mehanizma COVAKS. Postignut je jo\u0161&hellip;<\/p>\n","protected":false},"author":2,"featured_media":10902,"comment_status":"closed","ping_status":"closed","sticky":false,"template":"","format":"standard","meta":{"footnotes":""},"categories":[2],"tags":[2283,199,2682],"class_list":["post-10901","post","type-post","status-publish","format-standard","has-post-thumbnail","hentry","category-news","tag-covid19","tag-kosovo","tag-vakcina","category-2","description-off"],"_links":{"self":[{"href":"https:\/\/radiokfor.com\/2\/wp-json\/wp\/v2\/posts\/10901","targetHints":{"allow":["GET"]}}],"collection":[{"href":"https:\/\/radiokfor.com\/2\/wp-json\/wp\/v2\/posts"}],"about":[{"href":"https:\/\/radiokfor.com\/2\/wp-json\/wp\/v2\/types\/post"}],"author":[{"embeddable":true,"href":"https:\/\/radiokfor.com\/2\/wp-json\/wp\/v2\/users\/2"}],"replies":[{"embeddable":true,"href":"https:\/\/radiokfor.com\/2\/wp-json\/wp\/v2\/comments?post=10901"}],"version-history":[{"count":1,"href":"https:\/\/radiokfor.com\/2\/wp-json\/wp\/v2\/posts\/10901\/revisions"}],"predecessor-version":[{"id":10903,"href":"https:\/\/radiokfor.com\/2\/wp-json\/wp\/v2\/posts\/10901\/revisions\/10903"}],"wp:featuredmedia":[{"embeddable":true,"href":"https:\/\/radiokfor.com\/2\/wp-json\/wp\/v2\/media\/10902"}],"wp:attachment":[{"href":"https:\/\/radiokfor.com\/2\/wp-json\/wp\/v2\/media?parent=10901"}],"wp:term":[{"taxonomy":"category","embeddable":true,"href":"https:\/\/radiokfor.com\/2\/wp-json\/wp\/v2\/categories?post=10901"},{"taxonomy":"post_tag","embeddable":true,"href":"https:\/\/radiokfor.com\/2\/wp-json\/wp\/v2\/tags?post=10901"}],"curies":[{"name":"wp","href":"https:\/\/api.w.org\/{rel}","templated":true}]}}