{"id":1064,"date":"2018-05-24T09:56:19","date_gmt":"2018-05-24T09:56:19","guid":{"rendered":"http:\/\/radiokfor.com\/2\/?p=1064"},"modified":"2018-11-29T09:57:59","modified_gmt":"2018-11-29T09:57:59","slug":"komandant-kfor-a-posetio-opstinu-gracanica","status":"publish","type":"post","link":"https:\/\/radiokfor.com\/2\/komandant-kfor-a-posetio-opstinu-gracanica\/","title":{"rendered":"Komandant KFOR-a posetio op\u0161tinu Gra\u010danica"},"content":{"rendered":"<div class=\"description\">\n<p>Komandat KFOR-a, General major Salvatore Kuo\u0107i, posetio je op\u0161tinu Gra\u010danica i razgovarao sa Sr\u0111anom Popovi\u0107em, predsednikom op\u0161tine. Na sastanku je bilo re\u010di o bezbednosnoj situaciji, planovima op\u0161tine kao i o mogu\u0107nostima i na\u010dinima budu\u0107e saradnje.<\/p>\n<p>\u201cKFOR je uvek tu za vas sa svojim Timovima za vezu i nadgledanje (LMT). Jer, iako sam imao zadovoljstvo da posetim mesta na Kosovu kako bi bolje razumeo situaciju, nije dovoljno samo pro\u010ditati izve\u0161taje ve\u0107 je potrebno sastati se sa ljudima i videti kakva je situacija na terenu\u201d, rekao je general Kuo\u0107i.<\/p>\n<p>Glavnokomanduju\u0107i KFOR-a izdvojio je op\u0161tinu Gra\u010danica kao pozitivan primer funkcionisanja, i naglasio da bi trebala da bude uzor svim ostalim op\u0161tinama.<\/p>\n<\/div>\n","protected":false},"excerpt":{"rendered":"<p>Komandat KFOR-a, General major Salvatore Kuo\u0107i, posetio je op\u0161tinu Gra\u010danica i razgovarao sa Sr\u0111anom Popovi\u0107em, predsednikom op\u0161tine. Na sastanku je bilo re\u010di o bezbednosnoj situaciji, planovima op\u0161tine kao i o mogu\u0107nostima i na\u010dinima budu\u0107e saradnje. \u201cKFOR je uvek tu za vas sa svojim Timovima za vezu i nadgledanje (LMT). Jer, iako sam imao zadovoljstvo da&hellip;<\/p>\n","protected":false},"author":2,"featured_media":1067,"comment_status":"open","ping_status":"open","sticky":false,"template":"","format":"standard","meta":{"footnotes":""},"categories":[2],"tags":[35,269,426],"class_list":["post-1064","post","type-post","status-publish","format-standard","has-post-thumbnail","hentry","category-news","tag-com-kfor-salvatore-cuocci","tag-opstina-gracanica","tag-srdan-popovic","category-2","description-off"],"_links":{"self":[{"href":"https:\/\/radiokfor.com\/2\/wp-json\/wp\/v2\/posts\/1064","targetHints":{"allow":["GET"]}}],"collection":[{"href":"https:\/\/radiokfor.com\/2\/wp-json\/wp\/v2\/posts"}],"about":[{"href":"https:\/\/radiokfor.com\/2\/wp-json\/wp\/v2\/types\/post"}],"author":[{"embeddable":true,"href":"https:\/\/radiokfor.com\/2\/wp-json\/wp\/v2\/users\/2"}],"replies":[{"embeddable":true,"href":"https:\/\/radiokfor.com\/2\/wp-json\/wp\/v2\/comments?post=1064"}],"version-history":[{"count":1,"href":"https:\/\/radiokfor.com\/2\/wp-json\/wp\/v2\/posts\/1064\/revisions"}],"predecessor-version":[{"id":1068,"href":"https:\/\/radiokfor.com\/2\/wp-json\/wp\/v2\/posts\/1064\/revisions\/1068"}],"wp:featuredmedia":[{"embeddable":true,"href":"https:\/\/radiokfor.com\/2\/wp-json\/wp\/v2\/media\/1067"}],"wp:attachment":[{"href":"https:\/\/radiokfor.com\/2\/wp-json\/wp\/v2\/media?parent=1064"}],"wp:term":[{"taxonomy":"category","embeddable":true,"href":"https:\/\/radiokfor.com\/2\/wp-json\/wp\/v2\/categories?post=1064"},{"taxonomy":"post_tag","embeddable":true,"href":"https:\/\/radiokfor.com\/2\/wp-json\/wp\/v2\/tags?post=1064"}],"curies":[{"name":"wp","href":"https:\/\/api.w.org\/{rel}","templated":true}]}}