{"id":10258,"date":"2020-11-25T13:30:59","date_gmt":"2020-11-25T13:30:59","guid":{"rendered":"http:\/\/radiokfor.com\/2\/?p=10258"},"modified":"2020-11-25T13:30:59","modified_gmt":"2020-11-25T13:30:59","slug":"bele-i-narandzaste-brosure-simboli-borbe-protiv-nasilja-nad-zenama","status":"publish","type":"post","link":"https:\/\/radiokfor.com\/2\/bele-i-narandzaste-brosure-simboli-borbe-protiv-nasilja-nad-zenama\/","title":{"rendered":"Bele i narand\u017easte bro\u0161ure, simboli borbe protiv nasilja nad \u017eenama"},"content":{"rendered":"<p>Povodom Me\u0111unarodnog dana borbe protiv nasilja nad \u017eenama pokrenuta je kampanja \u201e16 dana aktivizma\u201c protiv rodno zasnovanog nasilja, koja c\u0301e trajati do 10. decembra. Ova kampanja ima za cilj prestanak nasilja nad devojkama i \u017eenama, a kao podr\u0161ka istoj osoblje kancelarije UNOPS (Kancelarija Ujedinjenih nacija za projektne usluge) u Pri\u0161tini, 16 dana zaredom nosic\u0301e bro\u0161ure, bele i narand\u017easte, koje simbolizuju protivljenje nasilju nad \u017eenama.<\/p>\n<p>O zna\u010daju i samim detaljima inicijative razgovarali smo sa savetnicom za rod i socijalnu inkluziju pri UNOPS-u, gospo\u0111om Visare Gorani.<\/p>\n<p><em>\u201eMu\u0161karci i de\u010daci se podsti\u010du da nose bele bro\u0161ure kao simbol svog protivljenja nasilju nad \u017eenama, dok je narand\u017easta bro\u0161ura simbol podr\u0161ke i zalaganja protiv bilo kog oblika nasilja nad \u017eenama. Osoblje UNOPS-a u Pri\u0161tini nosic\u0301e ove bro\u0161ure u znak podr\u0161ke Danima aktivizma. Druga planirana aktivnost je ona u koordinaciji i bliskoj saradnji sa \u0161vedskom ambasadom, kao jednim od partnera i donatora UNOPS-a, gde c\u0301e biti organizovan kviz o rodno zasnovanom nasilju za relevantno osoblje i partnerske organizacije. Nakon ove aktivnosti usledic\u0301e jednosatna diskusija o rodno zasnovanom nasilju\u201c<\/em>, ka\u017ee gospo\u0111a Gorani i poru\u010duje slede\u0107e: <em>\u201eUNOPS je odlu\u010dio da poka\u017ee podr\u0161ku ukupnim naporima u borbi protiv rodno zasnovanog nasilja nosec\u0301i ove bro\u0161ure i organizujuc\u0301i druge aktivnosti za podizanje svesti.\u201c<\/em><\/p>\n","protected":false},"excerpt":{"rendered":"<p>Povodom Me\u0111unarodnog dana borbe protiv nasilja nad \u017eenama pokrenuta je kampanja \u201e16 dana aktivizma\u201c protiv rodno zasnovanog nasilja, koja c\u0301e trajati do 10. decembra. Ova kampanja ima za cilj prestanak nasilja nad devojkama i \u017eenama, a kao podr\u0161ka istoj osoblje kancelarije UNOPS (Kancelarija Ujedinjenih nacija za projektne usluge) u Pri\u0161tini, 16 dana zaredom nosic\u0301e bro\u0161ure,&hellip;<\/p>\n","protected":false},"author":2,"featured_media":10259,"comment_status":"closed","ping_status":"closed","sticky":false,"template":"","format":"standard","meta":{"footnotes":""},"categories":[2],"tags":[748,2618],"class_list":["post-10258","post","type-post","status-publish","format-standard","has-post-thumbnail","hentry","category-news","tag-16-dana-aktivizma","tag-unops","category-2","description-off"],"_links":{"self":[{"href":"https:\/\/radiokfor.com\/2\/wp-json\/wp\/v2\/posts\/10258","targetHints":{"allow":["GET"]}}],"collection":[{"href":"https:\/\/radiokfor.com\/2\/wp-json\/wp\/v2\/posts"}],"about":[{"href":"https:\/\/radiokfor.com\/2\/wp-json\/wp\/v2\/types\/post"}],"author":[{"embeddable":true,"href":"https:\/\/radiokfor.com\/2\/wp-json\/wp\/v2\/users\/2"}],"replies":[{"embeddable":true,"href":"https:\/\/radiokfor.com\/2\/wp-json\/wp\/v2\/comments?post=10258"}],"version-history":[{"count":1,"href":"https:\/\/radiokfor.com\/2\/wp-json\/wp\/v2\/posts\/10258\/revisions"}],"predecessor-version":[{"id":10260,"href":"https:\/\/radiokfor.com\/2\/wp-json\/wp\/v2\/posts\/10258\/revisions\/10260"}],"wp:featuredmedia":[{"embeddable":true,"href":"https:\/\/radiokfor.com\/2\/wp-json\/wp\/v2\/media\/10259"}],"wp:attachment":[{"href":"https:\/\/radiokfor.com\/2\/wp-json\/wp\/v2\/media?parent=10258"}],"wp:term":[{"taxonomy":"category","embeddable":true,"href":"https:\/\/radiokfor.com\/2\/wp-json\/wp\/v2\/categories?post=10258"},{"taxonomy":"post_tag","embeddable":true,"href":"https:\/\/radiokfor.com\/2\/wp-json\/wp\/v2\/tags?post=10258"}],"curies":[{"name":"wp","href":"https:\/\/api.w.org\/{rel}","templated":true}]}}