{"id":10241,"date":"2020-11-25T09:26:30","date_gmt":"2020-11-25T09:26:30","guid":{"rendered":"http:\/\/radiokfor.com\/2\/?p=10241"},"modified":"2020-11-25T09:26:30","modified_gmt":"2020-11-25T09:26:30","slug":"save-the-children-nastavlja-da-pruza-podrsku-deci","status":"publish","type":"post","link":"https:\/\/radiokfor.com\/2\/save-the-children-nastavlja-da-pruza-podrsku-deci\/","title":{"rendered":"Save the Children nastavlja da pru\u017ea podr\u0161ku deci"},"content":{"rendered":"<p>Kancelarija me\u0111unarodne organizacija Save the Children na Kosovu, nastavlja sa podr\u0161kom deci sa smetnjama u razvoju, deci iz romskih, a\u0161kalijskih i egip\u0107anskih zajednica, kao i deci iz socijalno ugro\u017eenih zajednica.<\/p>\n<p>Uz finansijsku podr\u0161ku \u0160vedske agencije za me\u0111unarodnu saradnju (SIDA), ova organizacija je podelila 151 higijenski i edukativni paket. Na taj na\u010din su podr\u017eali 89 dece sa ograni\u010denim sposobnostima, 24 porodice iz romskih, a\u0161kalijskih i egip\u0107anskih zajednica i 38 dece iz socijalno ugro\u017eenih porodica iz \u010detiri op\u0161tine na severu Kosova.<\/p>\n<p>Dodela paketa je realizovana u saradnji sa Udru\u017eenjem roditelja dece sa smetnjama u razvoju \u201ePodr\u017ei me\u201c, kao i sa predstavnicima op\u0161tina i osnovnih \u0161kola na severu Kosova, po\u0161tuju\u0107i stroge mere protiv \u0161irenja COVID-19. Paketi su dodeljeni na nekoliko lokacija: ispred udru\u017eenja roditelja \u201ePodr\u017ei me\u201c, u osnovnim \u0161kolama \u201ePetar Ko\u010di\u0107\u201c u Brnjaku i \u201eBanovi\u0107 Strahinja\u201c u Banjskoj, kao i u ruralnim sredinama (\u017ditkovac i Lipa).<\/p>\n<p>Direktor Kancelarije Save the Children na Kosovu Ahmet Kryeziu istakao je da je sre\u0107an \u0161to je ova organizacija pru\u017eila podr\u0161ku deci koja su najvi\u0161e ugro\u017eena pandemijom.<\/p>\n<p>Narednih dana \u010dlanovi ove me\u0111unarodne organizacije \u0107e nastaviti da dele tablet ra\u010dunare kako bi pru\u017eili pord\u0161ku obrazovanju dece iz najugro\u017eenijih grupa.<\/p>\n","protected":false},"excerpt":{"rendered":"<p>Kancelarija me\u0111unarodne organizacija Save the Children na Kosovu, nastavlja sa podr\u0161kom deci sa smetnjama u razvoju, deci iz romskih, a\u0161kalijskih i egip\u0107anskih zajednica, kao i deci iz socijalno ugro\u017eenih zajednica. Uz finansijsku podr\u0161ku \u0160vedske agencije za me\u0111unarodnu saradnju (SIDA), ova organizacija je podelila 151 higijenski i edukativni paket. Na taj na\u010din su podr\u017eali 89 dece&hellip;<\/p>\n","protected":false},"author":2,"featured_media":10242,"comment_status":"closed","ping_status":"closed","sticky":false,"template":"","format":"standard","meta":{"footnotes":""},"categories":[2],"tags":[],"class_list":["post-10241","post","type-post","status-publish","format-standard","has-post-thumbnail","hentry","category-news","category-2","description-off"],"_links":{"self":[{"href":"https:\/\/radiokfor.com\/2\/wp-json\/wp\/v2\/posts\/10241","targetHints":{"allow":["GET"]}}],"collection":[{"href":"https:\/\/radiokfor.com\/2\/wp-json\/wp\/v2\/posts"}],"about":[{"href":"https:\/\/radiokfor.com\/2\/wp-json\/wp\/v2\/types\/post"}],"author":[{"embeddable":true,"href":"https:\/\/radiokfor.com\/2\/wp-json\/wp\/v2\/users\/2"}],"replies":[{"embeddable":true,"href":"https:\/\/radiokfor.com\/2\/wp-json\/wp\/v2\/comments?post=10241"}],"version-history":[{"count":1,"href":"https:\/\/radiokfor.com\/2\/wp-json\/wp\/v2\/posts\/10241\/revisions"}],"predecessor-version":[{"id":10243,"href":"https:\/\/radiokfor.com\/2\/wp-json\/wp\/v2\/posts\/10241\/revisions\/10243"}],"wp:featuredmedia":[{"embeddable":true,"href":"https:\/\/radiokfor.com\/2\/wp-json\/wp\/v2\/media\/10242"}],"wp:attachment":[{"href":"https:\/\/radiokfor.com\/2\/wp-json\/wp\/v2\/media?parent=10241"}],"wp:term":[{"taxonomy":"category","embeddable":true,"href":"https:\/\/radiokfor.com\/2\/wp-json\/wp\/v2\/categories?post=10241"},{"taxonomy":"post_tag","embeddable":true,"href":"https:\/\/radiokfor.com\/2\/wp-json\/wp\/v2\/tags?post=10241"}],"curies":[{"name":"wp","href":"https:\/\/api.w.org\/{rel}","templated":true}]}}