{"id":1018,"date":"2018-05-31T09:35:28","date_gmt":"2018-05-31T09:35:28","guid":{"rendered":"http:\/\/radiokfor.com\/2\/?p=1018"},"modified":"2018-11-29T09:37:03","modified_gmt":"2018-11-29T09:37:03","slug":"o-zenitu-i-zenitizmu-sa-irinom-subotic","status":"publish","type":"post","link":"https:\/\/radiokfor.com\/2\/o-zenitu-i-zenitizmu-sa-irinom-subotic\/","title":{"rendered":"O Zenitu i zenitizmu sa Irinom Suboti\u0107"},"content":{"rendered":"<p>Galerija Fakulteta umetnosti organizuje predavanje pod nazivom \u201eZenit i zenitizam\u201c, prof. dr\u00a0 Irine Suboti\u0107, u \u010detvrtak, 31. maja 19 \u010dasova u prostorijama Fakulteta umetnosti u Mitrovici.<\/p>\n<p>Tema predavanja profesora emeritusa iz Beograda, odnosi se na nastanak, ideje, saradnju i manifestacije \u010dasopisa \u201cZenit\u201d (Zagreb \u2013 Beograd 1921-1926).<\/p>\n<p>Zenit, osnovni forum avangardnog zenitisti\u010dkog pokreta i njegovih programskih ideja, bio je me\u0111unarodni \u010dasopis s velikim brojem saradnika kako iz Beograda, Zagreba i Ljubljane, tako i iz gotovo svih evropskih sredina, Severne i Ju\u017ene Amerike, pa i Japana, s jasnim opredeljenjem za novu umetnost, za koju se verovalo da \u0107e doprineti stvaranju novog \u010doveka XX veka.<\/p>\n<p>U razli\u010ditim fazama postojanja \u010dasopisa i pokreta prisutna je aktivna razmena i recepcija ideja i iskustava evropskih umetni\u010dkih pokreta, od ekspresionizma, postkubizma, futurizma i dadaizma, do ruske avangarde i socijalnih tendencija.<\/p>\n<p>\u010casopis Zenit je brzo stekao me\u0111unarodnu reputaciju kao radikalni avangardni \u010dasopis s posebnim profilom, \u0161iroko uspostavljenim krugom saradnika i razli\u010ditim manifestacijama kojima je opravdao svoje istaknuto mesto me\u0111u srodnim pojavama i pravcima u Evropi i svetu. A prvi broj izdao februara 1921. godine u Zagrebu knji\u017eevnik i kriti\u010dar Ljubomir Mici\u0107.<\/p>\n","protected":false},"excerpt":{"rendered":"<p>Galerija Fakulteta umetnosti organizuje predavanje pod nazivom \u201eZenit i zenitizam\u201c, prof. dr\u00a0 Irine Suboti\u0107, u \u010detvrtak, 31. maja 19 \u010dasova u prostorijama Fakulteta umetnosti u Mitrovici. Tema predavanja profesora emeritusa iz Beograda, odnosi se na nastanak, ideje, saradnju i manifestacije \u010dasopisa \u201cZenit\u201d (Zagreb \u2013 Beograd 1921-1926). Zenit, osnovni forum avangardnog zenitisti\u010dkog pokreta i njegovih programskih&hellip;<\/p>\n","protected":false},"author":2,"featured_media":1020,"comment_status":"open","ping_status":"open","sticky":false,"template":"","format":"standard","meta":{"footnotes":""},"categories":[2],"tags":[403,368,404],"class_list":["post-1018","post","type-post","status-publish","format-standard","has-post-thumbnail","hentry","category-news","tag-zenit-i-zenitizam","tag-fakultet-umetnosti-pristina","tag-irina-subotic","category-2","description-off"],"_links":{"self":[{"href":"https:\/\/radiokfor.com\/2\/wp-json\/wp\/v2\/posts\/1018","targetHints":{"allow":["GET"]}}],"collection":[{"href":"https:\/\/radiokfor.com\/2\/wp-json\/wp\/v2\/posts"}],"about":[{"href":"https:\/\/radiokfor.com\/2\/wp-json\/wp\/v2\/types\/post"}],"author":[{"embeddable":true,"href":"https:\/\/radiokfor.com\/2\/wp-json\/wp\/v2\/users\/2"}],"replies":[{"embeddable":true,"href":"https:\/\/radiokfor.com\/2\/wp-json\/wp\/v2\/comments?post=1018"}],"version-history":[{"count":1,"href":"https:\/\/radiokfor.com\/2\/wp-json\/wp\/v2\/posts\/1018\/revisions"}],"predecessor-version":[{"id":1021,"href":"https:\/\/radiokfor.com\/2\/wp-json\/wp\/v2\/posts\/1018\/revisions\/1021"}],"wp:featuredmedia":[{"embeddable":true,"href":"https:\/\/radiokfor.com\/2\/wp-json\/wp\/v2\/media\/1020"}],"wp:attachment":[{"href":"https:\/\/radiokfor.com\/2\/wp-json\/wp\/v2\/media?parent=1018"}],"wp:term":[{"taxonomy":"category","embeddable":true,"href":"https:\/\/radiokfor.com\/2\/wp-json\/wp\/v2\/categories?post=1018"},{"taxonomy":"post_tag","embeddable":true,"href":"https:\/\/radiokfor.com\/2\/wp-json\/wp\/v2\/tags?post=1018"}],"curies":[{"name":"wp","href":"https:\/\/api.w.org\/{rel}","templated":true}]}}