{"id":10131,"date":"2020-11-17T10:21:53","date_gmt":"2020-11-17T10:21:53","guid":{"rendered":"http:\/\/radiokfor.com\/2\/?p=10131"},"modified":"2020-11-17T10:26:03","modified_gmt":"2020-11-17T10:26:03","slug":"izlozba-slika-suncice-andrejevic-u-evropskoj-kuci","status":"publish","type":"post","link":"https:\/\/radiokfor.com\/2\/izlozba-slika-suncice-andrejevic-u-evropskoj-kuci\/","title":{"rendered":"Izlo\u017eba fotografija Sun\u010dice Andrejevi\u0107 u Evropskoj ku\u0107i"},"content":{"rendered":"<p>Pandemija korona virusa primorala nas je da nosimo maske, ali nas nije primorala da ih pravilno odla\u017eemo. Na\u0161u ru\u017enu naviku da nepropisno odla\u017eemo maske zabele\u017eila je <strong>Sun\u010dica Andrejevi\u0107<\/strong>, a te fotografije su trenutno izlo\u017eene u Evropskoj ku\u0107i u Severnoj Mitrovici.<\/p>\n<p>Izlo\u017eba \u201c<strong>Kako \u0107e planeta izgledati nakon pandemije<\/strong>\u201d, predstavlja zbir fotografija zabele\u017eenih u Severnoj Mitrovici.<\/p>\n<p>\u0160ta ju je motivisalo da fotografi\u0161e nepropisno odlo\u017eene maske rekla nam je autorka fotografija, <strong>Sun\u010dica Andrejevi\u0107<\/strong>:<\/p>\n<p>\u201e<em>Na ovim fotografijama koje su nastale \u0161irom Mitrovice, tokom vi\u0161e meseci fotografisanja, prikazano je kako se ljudi odnose prema za\u0161titnim maskama. Nakon \u0161to ih upotrebe to je za njih sme\u0107e koje ne odla\u017eu na pravilan na\u010din. Tako se maske mogu na\u0107i, u glavnim gradskim ulicama, na periferiji grada ali i u prirodi, na mestima gde vreme provode \u0161eta\u010di i ljubitelji prirode. Na kraju se name\u0107e pitanje \u2013 Da li nas maske \u0161tite od virusa ili predstavljaju dodatan rizik, zahvaljuju\u0107i neodgovornom pona\u0161anju ljudi?<\/em>\u201c<\/p>\n<p>Izlo\u017eba je otvorena od 13. do 30. novembra.\u00a0 Fotografije u tom periodu mo\u017eete pogledati svakog radnog dana od 09:00 do 17:00 \u010dasova.<\/p>\n","protected":false},"excerpt":{"rendered":"<p>Pandemija korona virusa primorala nas je da nosimo maske, ali nas nije primorala da ih pravilno odla\u017eemo. Na\u0161u ru\u017enu naviku da nepropisno odla\u017eemo maske zabele\u017eila je Sun\u010dica Andrejevi\u0107, a te fotografije su trenutno izlo\u017eene u Evropskoj ku\u0107i u Severnoj Mitrovici. Izlo\u017eba \u201cKako \u0107e planeta izgledati nakon pandemije\u201d, predstavlja zbir fotografija zabele\u017eenih u Severnoj Mitrovici. \u0160ta&hellip;<\/p>\n","protected":false},"author":2,"featured_media":10132,"comment_status":"closed","ping_status":"closed","sticky":false,"template":"","format":"standard","meta":{"footnotes":""},"categories":[2],"tags":[1361,172,2104,2613],"class_list":["post-10131","post","type-post","status-publish","format-standard","has-post-thumbnail","hentry","category-news","tag-evropska-kuca","tag-izlozba","tag-maske","tag-suncica-andrejevic","category-2","description-off"],"_links":{"self":[{"href":"https:\/\/radiokfor.com\/2\/wp-json\/wp\/v2\/posts\/10131","targetHints":{"allow":["GET"]}}],"collection":[{"href":"https:\/\/radiokfor.com\/2\/wp-json\/wp\/v2\/posts"}],"about":[{"href":"https:\/\/radiokfor.com\/2\/wp-json\/wp\/v2\/types\/post"}],"author":[{"embeddable":true,"href":"https:\/\/radiokfor.com\/2\/wp-json\/wp\/v2\/users\/2"}],"replies":[{"embeddable":true,"href":"https:\/\/radiokfor.com\/2\/wp-json\/wp\/v2\/comments?post=10131"}],"version-history":[{"count":4,"href":"https:\/\/radiokfor.com\/2\/wp-json\/wp\/v2\/posts\/10131\/revisions"}],"predecessor-version":[{"id":10136,"href":"https:\/\/radiokfor.com\/2\/wp-json\/wp\/v2\/posts\/10131\/revisions\/10136"}],"wp:featuredmedia":[{"embeddable":true,"href":"https:\/\/radiokfor.com\/2\/wp-json\/wp\/v2\/media\/10132"}],"wp:attachment":[{"href":"https:\/\/radiokfor.com\/2\/wp-json\/wp\/v2\/media?parent=10131"}],"wp:term":[{"taxonomy":"category","embeddable":true,"href":"https:\/\/radiokfor.com\/2\/wp-json\/wp\/v2\/categories?post=10131"},{"taxonomy":"post_tag","embeddable":true,"href":"https:\/\/radiokfor.com\/2\/wp-json\/wp\/v2\/tags?post=10131"}],"curies":[{"name":"wp","href":"https:\/\/api.w.org\/{rel}","templated":true}]}}