{"id":10078,"date":"2020-11-13T09:11:40","date_gmt":"2020-11-13T09:11:40","guid":{"rendered":"http:\/\/radiokfor.com\/2\/?p=10078"},"modified":"2020-11-13T09:14:19","modified_gmt":"2020-11-13T09:14:19","slug":"petak-13-ima-li-razloga-da-budemo-sujeverni","status":"publish","type":"post","link":"https:\/\/radiokfor.com\/2\/petak-13-ima-li-razloga-da-budemo-sujeverni\/","title":{"rendered":"Petak 13. \u2013 ima li razloga da budemo sujeverni?"},"content":{"rendered":"<p>Petak 13. mnogi u svetu smatraju baksuznim danom u godini, a ovaj \u0107e biti drugi u ovoj godini. Ako se brinite \u0161ta \u0107e biti ovog puta, onda niste jedini, psiholozi su \u010dak osmislili dijagnozu za takav ose\u0107aj \u2013 paraskavedekatriafobija ili strah od petka 13.<\/p>\n<p>Ovo \u0161iroko rasprostranjeno sujeverje moglo bi da poti\u010de jo\u0161 iz Srednjeg veka i da ima \u010dak i biblijsko upori\u0161te. Pojedini istori\u010dari tvrde da je to bio dan kada je Eva navela Adama da zagrize jabuku, kada je po\u010deo potop i gradnja Vavilonske kule.<\/p>\n<p>Razli\u010dite su pri\u010de o po\u010detku sujeverja na ovaj dan. Neki smatraju da je sve poteklo od kada je Filip IV od Francuske u petak 13. oktobra 1307. uhapsio stotine templara. Mogu\u0107e je i da je roman Tomasa Losona iz 1907. \u201ePetak, trinaesti\u201c odigrao zna\u010dajnu ulogu u \u0161irenju sujeverja.<\/p>\n<p>Postoji i teorija da se panika oko navedenog dana stvorila 1927. godine kad se dogodio drugi najve\u0107i krah na berzama.<\/p>\n<p>Mnogo je teorija za\u0161to se ba\u0161 ovaj petak u godini smatra maleroznim. Jedno je sigurno, nakon svakog petka dolazi vikend, a njemu se svakako svi radujemo.<\/p>\n<p>&nbsp;<\/p>\n","protected":false},"excerpt":{"rendered":"<p>Petak 13. mnogi u svetu smatraju baksuznim danom u godini, a ovaj \u0107e biti drugi u ovoj godini. Ako se brinite \u0161ta \u0107e biti ovog puta, onda niste jedini, psiholozi su \u010dak osmislili dijagnozu za takav ose\u0107aj \u2013 paraskavedekatriafobija ili strah od petka 13. Ovo \u0161iroko rasprostranjeno sujeverje moglo bi da poti\u010de jo\u0161 iz Srednjeg&hellip;<\/p>\n","protected":false},"author":2,"featured_media":10082,"comment_status":"closed","ping_status":"closed","sticky":false,"template":"","format":"standard","meta":{"footnotes":""},"categories":[2],"tags":[2607],"class_list":["post-10078","post","type-post","status-publish","format-standard","has-post-thumbnail","hentry","category-news","tag-petak-13","category-2","description-off"],"_links":{"self":[{"href":"https:\/\/radiokfor.com\/2\/wp-json\/wp\/v2\/posts\/10078","targetHints":{"allow":["GET"]}}],"collection":[{"href":"https:\/\/radiokfor.com\/2\/wp-json\/wp\/v2\/posts"}],"about":[{"href":"https:\/\/radiokfor.com\/2\/wp-json\/wp\/v2\/types\/post"}],"author":[{"embeddable":true,"href":"https:\/\/radiokfor.com\/2\/wp-json\/wp\/v2\/users\/2"}],"replies":[{"embeddable":true,"href":"https:\/\/radiokfor.com\/2\/wp-json\/wp\/v2\/comments?post=10078"}],"version-history":[{"count":1,"href":"https:\/\/radiokfor.com\/2\/wp-json\/wp\/v2\/posts\/10078\/revisions"}],"predecessor-version":[{"id":10081,"href":"https:\/\/radiokfor.com\/2\/wp-json\/wp\/v2\/posts\/10078\/revisions\/10081"}],"wp:featuredmedia":[{"embeddable":true,"href":"https:\/\/radiokfor.com\/2\/wp-json\/wp\/v2\/media\/10082"}],"wp:attachment":[{"href":"https:\/\/radiokfor.com\/2\/wp-json\/wp\/v2\/media?parent=10078"}],"wp:term":[{"taxonomy":"category","embeddable":true,"href":"https:\/\/radiokfor.com\/2\/wp-json\/wp\/v2\/categories?post=10078"},{"taxonomy":"post_tag","embeddable":true,"href":"https:\/\/radiokfor.com\/2\/wp-json\/wp\/v2\/tags?post=10078"}],"curies":[{"name":"wp","href":"https:\/\/api.w.org\/{rel}","templated":true}]}}