{"id":10074,"date":"2020-11-13T07:52:54","date_gmt":"2020-11-13T07:52:54","guid":{"rendered":"http:\/\/radiokfor.com\/2\/?p=10074"},"modified":"2020-11-13T07:52:54","modified_gmt":"2020-11-13T07:52:54","slug":"od-15-novembra-obavezna-zimska-oprema-za-vozila","status":"publish","type":"post","link":"https:\/\/radiokfor.com\/2\/od-15-novembra-obavezna-zimska-oprema-za-vozila\/","title":{"rendered":"Od 15. novembra obavezna zimska oprema za vozila"},"content":{"rendered":"<p>U svrhu podizanja svesti voza\u010da, vo\u017enje u zimskim uslovima i potrebne zimske opreme u vozilima, Kosovska policija sprovodi kampanju \u201eGlavni saveti kako se pripremiti za zimsku vo\u017enju\u201c!<\/p>\n<p>Povodom ovoga, razgovarali smo sa direktorom odeljenja Saobra\u0107ajne policije Jetonom Red\u017eepijem (Jeton Rexhepi).<\/p>\n<p>\u201eSvrha ovog projekta je kontinuirano podizanje svesti u\u010desnika i povec\u0301anje bezbednosti drumskog saobrac\u0301aja tokom zimske sezone, kada su temperature niske i mogu nastati pote\u0161koc\u0301e u drumskom saobrac\u0301aju zbog mraza ili tehni\u010dkih problema na vozilima.\u201c<\/p>\n<p>Prema va\u017ee\u0107em zakonu na Kosovu, vozila moraju posedovati zimsku opremu u periodu od 15. novembra do 15. marta. Op\u0161irnije o pripremi vozila i potrebnoj opremi, pro\u010ditajte <a href=\"https:\/\/radiokfor.com\/2\/kako-se-pripremiti-za-zimske-uslove-u-saobracaju\/\">ovde!<\/a><\/p>\n","protected":false},"excerpt":{"rendered":"<p>U svrhu podizanja svesti voza\u010da, vo\u017enje u zimskim uslovima i potrebne zimske opreme u vozilima, Kosovska policija sprovodi kampanju \u201eGlavni saveti kako se pripremiti za zimsku vo\u017enju\u201c! Povodom ovoga, razgovarali smo sa direktorom odeljenja Saobra\u0107ajne policije Jetonom Red\u017eepijem (Jeton Rexhepi). \u201eSvrha ovog projekta je kontinuirano podizanje svesti u\u010desnika i povec\u0301anje bezbednosti drumskog saobrac\u0301aja tokom zimske&hellip;<\/p>\n","protected":false},"author":2,"featured_media":10075,"comment_status":"closed","ping_status":"closed","sticky":false,"template":"","format":"standard","meta":{"footnotes":""},"categories":[2],"tags":[2606,2604,2605,2603,2590],"class_list":["post-10074","post","type-post","status-publish","format-standard","has-post-thumbnail","hentry","category-news","tag-uslovi","tag-vozila","tag-voznja","tag-zima","tag-zimska-oprema","category-2","description-off"],"_links":{"self":[{"href":"https:\/\/radiokfor.com\/2\/wp-json\/wp\/v2\/posts\/10074","targetHints":{"allow":["GET"]}}],"collection":[{"href":"https:\/\/radiokfor.com\/2\/wp-json\/wp\/v2\/posts"}],"about":[{"href":"https:\/\/radiokfor.com\/2\/wp-json\/wp\/v2\/types\/post"}],"author":[{"embeddable":true,"href":"https:\/\/radiokfor.com\/2\/wp-json\/wp\/v2\/users\/2"}],"replies":[{"embeddable":true,"href":"https:\/\/radiokfor.com\/2\/wp-json\/wp\/v2\/comments?post=10074"}],"version-history":[{"count":1,"href":"https:\/\/radiokfor.com\/2\/wp-json\/wp\/v2\/posts\/10074\/revisions"}],"predecessor-version":[{"id":10076,"href":"https:\/\/radiokfor.com\/2\/wp-json\/wp\/v2\/posts\/10074\/revisions\/10076"}],"wp:featuredmedia":[{"embeddable":true,"href":"https:\/\/radiokfor.com\/2\/wp-json\/wp\/v2\/media\/10075"}],"wp:attachment":[{"href":"https:\/\/radiokfor.com\/2\/wp-json\/wp\/v2\/media?parent=10074"}],"wp:term":[{"taxonomy":"category","embeddable":true,"href":"https:\/\/radiokfor.com\/2\/wp-json\/wp\/v2\/categories?post=10074"},{"taxonomy":"post_tag","embeddable":true,"href":"https:\/\/radiokfor.com\/2\/wp-json\/wp\/v2\/tags?post=10074"}],"curies":[{"name":"wp","href":"https:\/\/api.w.org\/{rel}","templated":true}]}}