{"id":944,"date":"2018-10-10T09:42:23","date_gmt":"2018-10-10T09:42:23","guid":{"rendered":"http:\/\/radiokfor.com\/1\/?p=944"},"modified":"2018-10-10T13:36:43","modified_gmt":"2018-10-10T13:36:43","slug":"shendeti-mendor-baze-e-nje-jete-te-shendetshme","status":"publish","type":"post","link":"https:\/\/radiokfor.com\/1\/shendeti-mendor-baze-e-nje-jete-te-shendetshme\/","title":{"rendered":"Sh\u00ebndeti mendor, baz\u00eb e nj\u00eb jet\u00eb t\u00eb sh\u00ebndetshme"},"content":{"rendered":"<p>Bota sot sh\u00ebnon \u2018Dit\u00ebn e Kujdesit Ndaj Sh\u00ebndetit Mendor\u2019, duke krijuar mekanizma mbrojt\u00ebs dhe sensibilizues p\u00ebr shoq\u00ebrin\u00eb ndaj rrezikut t\u00eb s\u00ebmundjeve mendore. Sipas \u2018Organizat\u00ebs Bot\u00ebrore t\u00eb Sh\u00ebndet\u00ebsis\u00eb\u2019, sh\u00ebndeti mendor p\u00ebrkufizohet k\u00ebshtu:\u00a0\u201c<em>Sh\u00ebndeti mendor \u00ebsht\u00eb nj\u00eb gjendje mir\u00ebqenie n\u00eb t\u00eb cil\u00ebn individi realizon aft\u00ebsit\u00eb e tij, mund t\u00eb p\u00ebrballoj\u00eb streset normale t\u00eb jet\u00ebs, mund t\u00eb punoj n\u00eb m\u00ebnyr\u00eb produktive dhe frutdh\u00ebn\u00ebse dhe \u00ebsht\u00eb n\u00eb gjendje t\u00eb kontribuoj n\u00eb komunitetin e tij<\/em>\u201d.<\/p>\n<p>&nbsp;<\/p>\n<p>Kjo dit\u00eb u sh\u00ebnua p\u00ebr her\u00eb t\u00eb par\u00eb n\u00eb vitin 1992 me iniciativ\u00ebn e \u2018Federat\u00ebs Bot\u00ebrore t\u00eb Sh\u00ebndetit Mendor\u2019, duke p\u00ebrfshir\u00eb rreth 150 shtete n\u00eb t\u00eb gjith\u00eb bot\u00ebn p\u00ebr kujdesin e sh\u00ebndetit mendor.<\/p>\n<p>Edhe n\u00eb Kosov\u00eb p\u00ebr nder t\u00eb k\u00ebsaj dit\u00eb, do t\u00eb sh\u00ebnohen nj\u00eb s\u00ebr\u00eb aktivitetesh. Iniciativa psiko-sociale \u2018Social Lab\u2019, ka organizuar nj\u00eb panel me tem\u00ebn: \u2018Si p\u00ebrceptohet sh\u00ebndeti mendor tek ne\u2019, i cili mbahet sot (10.10.18) nga ora 17:00 n\u00eb \u2018Venture UP\u2019, q\u00eb gjendet n\u00eb Universitetin e Prishtin\u00ebs, \u2018Hasan Prishtina\u2019 .<\/p>\n<p>N\u00eb nj\u00eb intervist\u00eb p\u00ebr Radio KFOR-in themeluesja e iniciativ\u00ebs \u2018Social Lab\u2019, Eurisa Rukovci, tregoi p\u00ebr aktivitetin q\u00eb do t\u00eb organizojn\u00eb dhe p\u00ebr r\u00ebnd\u00ebsin\u00eb e k\u00ebsaj teme n\u00eb shoq\u00ebri:<\/p>\n<p>\u201c<em>Ne kemi menduar t\u00eb b\u00ebjm\u00eb nj\u00eb aktivitet q\u00eb do t\u00eb sh\u00ebnoj k\u00ebt\u00eb dit\u00eb, duke folur me ekspert\u00eb t\u00eb fush\u00ebs s\u00eb psikologjis\u00eb, se si p\u00ebrceptohet sh\u00ebndeti mendor n\u00eb shoq\u00ebrin\u00eb ton\u00eb. Ne po ashtu kemi hapur k\u00ebt\u00eb organizat\u00eb pik\u00ebrisht p\u00ebr k\u00ebt\u00eb q\u00ebllim, q\u00eb ta b\u00ebjm\u00eb tem\u00eb t\u00eb p\u00ebrditshme sh\u00ebndetin mendor tek ne. Q\u00ebllimi yn\u00eb \u00ebsht\u00eb t\u00eb veprojm\u00eb n\u00eb t\u00eb mir\u00ebn e komunitetit dhe t\u00eb rrisim vet\u00ebdij\u00ebsimin ndaj fenomeneve psikologjike dhe t\u00eb ndikojm\u00eb drejt\u00ebp\u00ebrdrejt\u00eb n\u00eb prioritizimin e sh\u00ebndetit mendor<\/em>\u201d, tregoi Eurisa.<\/p>\n<p>T\u00eb prekurit me s\u00ebmundje mendore n\u00eb bot\u00eb p\u00ebrb\u00ebjn\u00eb 16% t\u00eb s\u00ebmundjeve tek njer\u00ebzit e mosh\u00ebs 10-19 vje\u00e7are. Nd\u00ebrsa gjysma e t\u00eb gjitha s\u00ebmundjeve mendore fillojn\u00eb nga mosha 14 vje\u00e7are por q\u00eb n\u00eb shumic\u00ebn e rasteve jan\u00eb t\u00eb pa zbuluara dhe t\u00eb pa trajtuara nd\u00ebrkaq, globalisht, depresioni \u00ebsht\u00eb nj\u00eb nga s\u00ebmundjet kryesore tek adoleshent\u00ebt.<\/p>\n<p>Pik\u00ebrisht p\u00ebr shkak t\u00eb k\u00ebtyre fakteve t\u00eb publikuara nga \u2018Organizata Bot\u00ebrore e Sh\u00ebndet\u00ebsis\u00eb\u2019, k\u00ebt\u00eb vit fokusi do t\u00eb jet\u00eb sh\u00ebndeti mendor tek adoloshent\u00ebt p\u00ebr t\u00eb rritur nd\u00ebrgjegj\u00ebsimin e kujdesit ndaj s\u00ebmundjeve mendore n\u00eb k\u00ebt\u00eb koh\u00eb.<\/p>\n","protected":false},"excerpt":{"rendered":"<p>Bota sot sh\u00ebnon \u2018Dit\u00ebn e Kujdesit Ndaj Sh\u00ebndetit Mendor\u2019, duke krijuar mekanizma mbrojt\u00ebs dhe sensibilizues p\u00ebr shoq\u00ebrin\u00eb ndaj rrezikut t\u00eb s\u00ebmundjeve mendore. Sipas \u2018Organizat\u00ebs Bot\u00ebrore t\u00eb Sh\u00ebndet\u00ebsis\u00eb\u2019, sh\u00ebndeti mendor p\u00ebrkufizohet k\u00ebshtu:\u00a0\u201cSh\u00ebndeti mendor \u00ebsht\u00eb nj\u00eb gjendje mir\u00ebqenie n\u00eb t\u00eb cil\u00ebn individi realizon aft\u00ebsit\u00eb e tij, mund t\u00eb p\u00ebrballoj\u00eb streset normale t\u00eb jet\u00ebs, mund t\u00eb punoj n\u00eb&hellip;<\/p>\n","protected":false},"author":3,"featured_media":0,"comment_status":"closed","ping_status":"closed","sticky":false,"template":"","format":"standard","meta":{"_monsterinsights_skip_tracking":false,"_monsterinsights_sitenote_active":false,"_monsterinsights_sitenote_note":"","_monsterinsights_sitenote_category":0,"footnotes":""},"categories":[2],"tags":[],"class_list":["post-944","post","type-post","status-publish","format-standard","hentry","category-news","category-2","description-off"],"_links":{"self":[{"href":"https:\/\/radiokfor.com\/1\/wp-json\/wp\/v2\/posts\/944","targetHints":{"allow":["GET"]}}],"collection":[{"href":"https:\/\/radiokfor.com\/1\/wp-json\/wp\/v2\/posts"}],"about":[{"href":"https:\/\/radiokfor.com\/1\/wp-json\/wp\/v2\/types\/post"}],"author":[{"embeddable":true,"href":"https:\/\/radiokfor.com\/1\/wp-json\/wp\/v2\/users\/3"}],"replies":[{"embeddable":true,"href":"https:\/\/radiokfor.com\/1\/wp-json\/wp\/v2\/comments?post=944"}],"version-history":[{"count":2,"href":"https:\/\/radiokfor.com\/1\/wp-json\/wp\/v2\/posts\/944\/revisions"}],"predecessor-version":[{"id":949,"href":"https:\/\/radiokfor.com\/1\/wp-json\/wp\/v2\/posts\/944\/revisions\/949"}],"wp:attachment":[{"href":"https:\/\/radiokfor.com\/1\/wp-json\/wp\/v2\/media?parent=944"}],"wp:term":[{"taxonomy":"category","embeddable":true,"href":"https:\/\/radiokfor.com\/1\/wp-json\/wp\/v2\/categories?post=944"},{"taxonomy":"post_tag","embeddable":true,"href":"https:\/\/radiokfor.com\/1\/wp-json\/wp\/v2\/tags?post=944"}],"curies":[{"name":"wp","href":"https:\/\/api.w.org\/{rel}","templated":true}]}}