{"id":78863,"date":"2026-09-06T06:03:00","date_gmt":"2026-09-06T04:03:00","guid":{"rendered":"https:\/\/radiokfor.com\/1\/?p=78863"},"modified":"2026-09-03T10:01:30","modified_gmt":"2026-09-03T08:01:30","slug":"policia-e-kosoves-shenon-27-vjetorin-e-themelimit","status":"publish","type":"post","link":"https:\/\/radiokfor.com\/1\/policia-e-kosoves-shenon-27-vjetorin-e-themelimit\/","title":{"rendered":"Policia e Kosov\u00ebs sh\u00ebnon 27-vjetorin e themelimit"},"content":{"rendered":"<p>Policia e Kosov\u00ebs po sh\u00ebnon 27-vjetorin e themelimit, duke p\u00ebrkujtuar m\u00eb shum\u00eb se dy dekada pun\u00eb, p\u00ebrkushtim dhe sh\u00ebrbim ndaj t\u00eb gjith\u00eb qytetar\u00ebve pa dallim.<\/p>\n<p>Aktiviteti i Policis\u00eb s\u00eb Kosov\u00ebs p\u00ebrfshin patrullimin dhe reagimin ndaj rasteve emergjente, parandalimin dhe hetimin e veprave penale, sigurin\u00eb n\u00eb komunikacion, mbrojtjen e f\u00ebmij\u00ebve dhe komuniteteve, si dhe nd\u00ebrhyrjet n\u00eb raste q\u00eb k\u00ebrkojn\u00eb reagim t\u00eb shpejt\u00eb.<\/p>\n<p>Gjat\u00eb 27 viteve, Policia e Kosov\u00ebs ka investuar n\u00eb trajnime, profesionalizim dhe zhvillimin e kapaciteteve operacionale, me synim rritjen e efikasitetit t\u00eb sh\u00ebrbimeve dhe forcimin e bashk\u00ebpunimit me komunitetin. P\u00ebrgatitja profesionale, reagimi n\u00eb situata t\u00eb ndryshme dhe puna e nj\u00ebsive t\u00eb specializuara kan\u00eb kontribuar q\u00eb Policia e Kosov\u00ebs t\u00eb vler\u00ebsohet si nj\u00eb prej institucioneve policore m\u00eb profesionale dhe m\u00eb t\u00eb gatshme p\u00ebr reagim n\u00eb rajon.<\/p>\n<p>N\u00eb p\u00ebrvjetorin e themelimit, fokusi mbetet te puna e p\u00ebrditshme e zyrtar\u00ebve policor\u00eb dhe p\u00ebrgjegj\u00ebsit\u00eb q\u00eb institucioni ka n\u00eb garantimin e siguris\u00eb, ruajtjen e rendit publik dhe ofrimin e ndihm\u00ebs p\u00ebr t\u00eb gjith\u00eb qytetar\u00ebt, pa dallim.<\/p>\n","protected":false},"excerpt":{"rendered":"<p>Policia e Kosov\u00ebs po sh\u00ebnon 27-vjetorin e themelimit, duke p\u00ebrkujtuar m\u00eb shum\u00eb se dy dekada pun\u00eb, p\u00ebrkushtim dhe sh\u00ebrbim ndaj t\u00eb gjith\u00eb qytetar\u00ebve pa dallim. Aktiviteti i Policis\u00eb s\u00eb Kosov\u00ebs p\u00ebrfshin patrullimin dhe reagimin ndaj rasteve emergjente, parandalimin dhe hetimin e veprave penale, sigurin\u00eb n\u00eb komunikacion, mbrojtjen e f\u00ebmij\u00ebve dhe komuniteteve, si dhe nd\u00ebrhyrjet n\u00eb&hellip;<\/p>\n","protected":false},"author":3,"featured_media":51771,"comment_status":"closed","ping_status":"closed","sticky":false,"template":"","format":"standard","meta":{"_monsterinsights_skip_tracking":false,"footnotes":""},"categories":[2],"tags":[],"class_list":["post-78863","post","type-post","status-publish","format-standard","has-post-thumbnail","hentry","category-news","category-2","description-off"],"_links":{"self":[{"href":"https:\/\/radiokfor.com\/1\/wp-json\/wp\/v2\/posts\/78863","targetHints":{"allow":["GET"]}}],"collection":[{"href":"https:\/\/radiokfor.com\/1\/wp-json\/wp\/v2\/posts"}],"about":[{"href":"https:\/\/radiokfor.com\/1\/wp-json\/wp\/v2\/types\/post"}],"author":[{"embeddable":true,"href":"https:\/\/radiokfor.com\/1\/wp-json\/wp\/v2\/users\/3"}],"replies":[{"embeddable":true,"href":"https:\/\/radiokfor.com\/1\/wp-json\/wp\/v2\/comments?post=78863"}],"version-history":[{"count":1,"href":"https:\/\/radiokfor.com\/1\/wp-json\/wp\/v2\/posts\/78863\/revisions"}],"predecessor-version":[{"id":78864,"href":"https:\/\/radiokfor.com\/1\/wp-json\/wp\/v2\/posts\/78863\/revisions\/78864"}],"wp:featuredmedia":[{"embeddable":true,"href":"https:\/\/radiokfor.com\/1\/wp-json\/wp\/v2\/media\/51771"}],"wp:attachment":[{"href":"https:\/\/radiokfor.com\/1\/wp-json\/wp\/v2\/media?parent=78863"}],"wp:term":[{"taxonomy":"category","embeddable":true,"href":"https:\/\/radiokfor.com\/1\/wp-json\/wp\/v2\/categories?post=78863"},{"taxonomy":"post_tag","embeddable":true,"href":"https:\/\/radiokfor.com\/1\/wp-json\/wp\/v2\/tags?post=78863"}],"curies":[{"name":"wp","href":"https:\/\/api.w.org\/{rel}","templated":true}]}}