{"id":78847,"date":"2026-09-03T06:00:59","date_gmt":"2026-09-03T04:00:59","guid":{"rendered":"https:\/\/radiokfor.com\/1\/?p=78847"},"modified":"2026-08-31T11:50:22","modified_gmt":"2026-08-31T09:50:22","slug":"hapet-ne-prishtine-galeria-e-re-lumi91","status":"publish","type":"post","link":"https:\/\/radiokfor.com\/1\/hapet-ne-prishtine-galeria-e-re-lumi91\/","title":{"rendered":"Hapet n\u00eb Prishtin\u00eb, galeria e re \u2018Lumi91\u2019"},"content":{"rendered":"<p>Galeria e re \u2018Lumi91\u2019 i hap dyert sot n\u00eb Prishtin\u00eb, me ekspozit\u00ebn \u20181928 \u2013 Rexhep Rakovica, Portrete\u2019. Hapja e galeris\u00eb dhe ekspozit\u00ebs do t\u00eb b\u00ebhet nga ora 19:00. Ekspozita sjell p\u00ebr publikun nj\u00eb p\u00ebrzgjedhje t\u00eb fotografive t\u00eb fotografit Rexhep Rakovica (1909\u20131988), nj\u00eb prej emrave t\u00eb r\u00ebnd\u00ebsish\u00ebm t\u00eb fotografis\u00eb s\u00eb hershme n\u00eb Prishtin\u00eb. P\u00ebrmes portreteve individuale, familjare dhe grupore, ekspozita ofron nj\u00eb v\u00ebshtrim t\u00eb ve\u00e7ant\u00eb mbi njer\u00ebzit, jet\u00ebn e p\u00ebrditshme dhe atmosfer\u00ebn shoq\u00ebrore t\u00eb Prishtin\u00ebs s\u00eb dikurshme.<\/p>\n<p>Rakovica nisi t\u00eb merrej me fotografin\u00eb n\u00eb vitin 1928, nd\u00ebrsa gjat\u00eb dekadave t\u00eb veprimtaris\u00eb s\u00eb tij krijoi nj\u00eb arkiv t\u00eb \u00e7muar fotografik, duke dokumentuar breza t\u00eb ndrysh\u00ebm dhe momente t\u00eb r\u00ebnd\u00ebsishme t\u00eb jet\u00ebs s\u00eb qytetit. Fotografit\u00eb e tij sot kan\u00eb vler\u00eb jo vet\u00ebm artistike, por edhe historike e dokumentare, pasi ruajn\u00eb pamje dhe kujtime nga nj\u00eb Prishtin\u00eb q\u00eb ka ndryshuar ndjesh\u00ebm me kalimin e koh\u00ebs.<\/p>\n<p>P\u00ebrmes k\u00ebsaj ekspozite, galeri \u2018Lumi91\u2019 synon t\u00eb krijoj\u00eb nj\u00eb hap\u00ebsir\u00eb t\u00eb re p\u00ebr prezantimin dhe promovimin e artit, fotografis\u00eb dhe trash\u00ebgimis\u00eb kulturore n\u00eb kryeqytet.<\/p>\n","protected":false},"excerpt":{"rendered":"<p>Galeria e re \u2018Lumi91\u2019 i hap dyert sot n\u00eb Prishtin\u00eb, me ekspozit\u00ebn \u20181928 \u2013 Rexhep Rakovica, Portrete\u2019. Hapja e galeris\u00eb dhe ekspozit\u00ebs do t\u00eb b\u00ebhet nga ora 19:00. Ekspozita sjell p\u00ebr publikun nj\u00eb p\u00ebrzgjedhje t\u00eb fotografive t\u00eb fotografit Rexhep Rakovica (1909\u20131988), nj\u00eb prej emrave t\u00eb r\u00ebnd\u00ebsish\u00ebm t\u00eb fotografis\u00eb s\u00eb hershme n\u00eb Prishtin\u00eb. P\u00ebrmes portreteve individuale,&hellip;<\/p>\n","protected":false},"author":3,"featured_media":78848,"comment_status":"closed","ping_status":"closed","sticky":false,"template":"","format":"standard","meta":{"_monsterinsights_skip_tracking":false,"footnotes":""},"categories":[2],"tags":[],"class_list":["post-78847","post","type-post","status-publish","format-standard","has-post-thumbnail","hentry","category-news","category-2","description-off"],"_links":{"self":[{"href":"https:\/\/radiokfor.com\/1\/wp-json\/wp\/v2\/posts\/78847","targetHints":{"allow":["GET"]}}],"collection":[{"href":"https:\/\/radiokfor.com\/1\/wp-json\/wp\/v2\/posts"}],"about":[{"href":"https:\/\/radiokfor.com\/1\/wp-json\/wp\/v2\/types\/post"}],"author":[{"embeddable":true,"href":"https:\/\/radiokfor.com\/1\/wp-json\/wp\/v2\/users\/3"}],"replies":[{"embeddable":true,"href":"https:\/\/radiokfor.com\/1\/wp-json\/wp\/v2\/comments?post=78847"}],"version-history":[{"count":1,"href":"https:\/\/radiokfor.com\/1\/wp-json\/wp\/v2\/posts\/78847\/revisions"}],"predecessor-version":[{"id":78849,"href":"https:\/\/radiokfor.com\/1\/wp-json\/wp\/v2\/posts\/78847\/revisions\/78849"}],"wp:featuredmedia":[{"embeddable":true,"href":"https:\/\/radiokfor.com\/1\/wp-json\/wp\/v2\/media\/78848"}],"wp:attachment":[{"href":"https:\/\/radiokfor.com\/1\/wp-json\/wp\/v2\/media?parent=78847"}],"wp:term":[{"taxonomy":"category","embeddable":true,"href":"https:\/\/radiokfor.com\/1\/wp-json\/wp\/v2\/categories?post=78847"},{"taxonomy":"post_tag","embeddable":true,"href":"https:\/\/radiokfor.com\/1\/wp-json\/wp\/v2\/tags?post=78847"}],"curies":[{"name":"wp","href":"https:\/\/api.w.org\/{rel}","templated":true}]}}