{"id":78842,"date":"2026-08-28T16:20:29","date_gmt":"2026-08-28T14:20:29","guid":{"rendered":"https:\/\/radiokfor.com\/1\/?p=78842"},"modified":"2026-08-28T16:26:05","modified_gmt":"2026-08-28T14:26:05","slug":"zbulo-ballanistiken-ne-universitetin-e-prishtines-aplikimet-e-hapura-deri-me-5-shtator","status":"publish","type":"post","link":"https:\/\/radiokfor.com\/1\/zbulo-ballanistiken-ne-universitetin-e-prishtines-aplikimet-e-hapura-deri-me-5-shtator\/","title":{"rendered":"ZBULO BALLANISTIK\u00cbN N\u00cb UNIVERSITETIN E PRISHTIN\u00cbS, APLIKIM\u00cbT E HAPURA DERI M\u00cb 5 SHTATOR"},"content":{"rendered":"<p><strong>Universiteti i Prishtin\u00ebs ka hapur aplikimet p\u00ebr afatin e dyt\u00eb t\u00eb regjistrimit n\u00eb Programin e Ballkanistik\u00ebs. Kandidat\u00ebt mund t\u00eb aplikojn\u00eb nga data 28 gusht deri m\u00eb 5 shtator, 2026.<\/strong><\/p>\n<p>Programi i Ballkanistik\u00ebs n\u00eb Fakultetin e Filologjis\u00eb \u00ebsht\u00eb nj\u00eb program i ri trevje\u00e7ar Bachelor, me 180 ECTS kredi, i hapur p\u00ebr student\u00eb nga t\u00eb gjitha komunitetet n\u00eb Kosov\u00eb.<\/p>\n<p>N\u00eb kuad\u00ebr t\u00eb programit, student\u00ebt kan\u00eb mund\u00ebsi t\u00eb studiojn\u00eb krahas gjuh\u00ebs shqipe edhe nj\u00eb gjuhe ballkanike, si boshnjake, serbe, kroate ose malazeze si dhe kan\u00eb mund\u00ebsi t\u00eb m\u00ebsojn\u00eb ndonj\u00ebr\u00ebn nga gjuh\u00ebt bullgare, greke, maqedonase apo rumune s\u00eb bashku me nj\u00eb gjuh\u00eb t\u00eb huaj.<\/p>\n<p>Programi kombinon studimin e gjuh\u00ebve me p\u00ebrkthimin, interpretimin, m\u00ebsimdh\u00ebnien dhe k\u00ebrkimin shkencor, duke u ofruar student\u00ebve edhe mund\u00ebsi p\u00ebr praktik\u00eb profesionale.<\/p>\n<p>Pas p\u00ebrfundimit t\u00eb studimeve, t\u00eb diplomuarit mund t\u00eb nd\u00ebrtojn\u00eb karrier\u00eb n\u00eb m\u00ebsimdh\u00ebnie, p\u00ebrkthim e interpretim, media, diplomaci, sektorin publik, me organizatat joqeveritare si dhe n\u00eb fusha q\u00eb lidhen me kultur\u00ebn dhe \u00e7\u00ebshtjet rajonale.<\/p>\n<p>Nj\u00eb tjet\u00ebr mund\u00ebsi p\u00ebr student\u00ebt jan\u00eb programet e mobilitetit Erasmus+ dhe CEEPUS, vizitat studimore dhe bashk\u00ebpunimi me universitete n\u00eb Evrop\u00eb dhe Ballkan.<\/p>\n<p>Programi \u00ebsht\u00eb\u00a0<strong>akredituar k\u00ebt\u00eb vit dhe \u00ebsht\u00eb riorganizuar si program trevje\u00e7ar<\/strong>. Provimi pranues p\u00ebrb\u00ebhet nga dy teste gjuh\u00ebsore, n\u00eb shqip dhe n\u00eb nj\u00eb gjuh\u00eb ballkanike, t\u00eb cilat synojn\u00eb kryesisht t\u00eb p\u00ebrcaktojn\u00eb nivelin gjuh\u00ebsor t\u00eb kandidatit.<\/p>\n<p><strong>Aplikimet jan\u00eb t\u00eb hapura deri m\u00eb 5 shtator 2026, online dhe fizikisht.<\/strong><\/p>\n<p>P\u00ebr m\u00eb shum\u00eb informata, ndiqni Programin e Ballkanistik\u00ebs n\u00eb Instagram:\u00a0<a href=\"http:\/\/balkanisticsprogramme\/\" target=\"_blank\" rel=\"noopener\" data-saferedirecturl=\"https:\/\/www.google.com\/url?q=http:\/\/balkanisticsprogramme\/&amp;source=gmail&amp;ust=1788012956038000&amp;usg=AOvVaw0nglLOrktDoZ-yIAkLuGd7\">balkanisticsprogram<wbr \/>me<\/a><\/p>\n<div><\/div>\n<p><strong>Zgjidh Ballkanistik\u00ebn \u2013 m\u00ebso gjuh\u00eb, kupto kultura dhe nd\u00ebrto ura nd\u00ebrmjet komuniteteve t\u00eb Ballkanit.<\/strong><\/p>\n","protected":false},"excerpt":{"rendered":"<p>Universiteti i Prishtin\u00ebs ka hapur aplikimet p\u00ebr afatin e dyt\u00eb t\u00eb regjistrimit n\u00eb Programin e Ballkanistik\u00ebs. Kandidat\u00ebt mund t\u00eb aplikojn\u00eb nga data 28 gusht deri m\u00eb 5 shtator, 2026. Programi i Ballkanistik\u00ebs n\u00eb Fakultetin e Filologjis\u00eb \u00ebsht\u00eb nj\u00eb program i ri trevje\u00e7ar Bachelor, me 180 ECTS kredi, i hapur p\u00ebr student\u00eb nga t\u00eb gjitha komunitetet&hellip;<\/p>\n","protected":false},"author":11,"featured_media":78843,"comment_status":"closed","ping_status":"closed","sticky":false,"template":"","format":"standard","meta":{"_monsterinsights_skip_tracking":false,"footnotes":""},"categories":[2],"tags":[],"class_list":["post-78842","post","type-post","status-publish","format-standard","has-post-thumbnail","hentry","category-news","category-2","description-off"],"_links":{"self":[{"href":"https:\/\/radiokfor.com\/1\/wp-json\/wp\/v2\/posts\/78842","targetHints":{"allow":["GET"]}}],"collection":[{"href":"https:\/\/radiokfor.com\/1\/wp-json\/wp\/v2\/posts"}],"about":[{"href":"https:\/\/radiokfor.com\/1\/wp-json\/wp\/v2\/types\/post"}],"author":[{"embeddable":true,"href":"https:\/\/radiokfor.com\/1\/wp-json\/wp\/v2\/users\/11"}],"replies":[{"embeddable":true,"href":"https:\/\/radiokfor.com\/1\/wp-json\/wp\/v2\/comments?post=78842"}],"version-history":[{"count":1,"href":"https:\/\/radiokfor.com\/1\/wp-json\/wp\/v2\/posts\/78842\/revisions"}],"predecessor-version":[{"id":78844,"href":"https:\/\/radiokfor.com\/1\/wp-json\/wp\/v2\/posts\/78842\/revisions\/78844"}],"wp:featuredmedia":[{"embeddable":true,"href":"https:\/\/radiokfor.com\/1\/wp-json\/wp\/v2\/media\/78843"}],"wp:attachment":[{"href":"https:\/\/radiokfor.com\/1\/wp-json\/wp\/v2\/media?parent=78842"}],"wp:term":[{"taxonomy":"category","embeddable":true,"href":"https:\/\/radiokfor.com\/1\/wp-json\/wp\/v2\/categories?post=78842"},{"taxonomy":"post_tag","embeddable":true,"href":"https:\/\/radiokfor.com\/1\/wp-json\/wp\/v2\/tags?post=78842"}],"curies":[{"name":"wp","href":"https:\/\/api.w.org\/{rel}","templated":true}]}}