{"id":78837,"date":"2026-08-28T13:50:08","date_gmt":"2026-08-28T11:50:08","guid":{"rendered":"https:\/\/radiokfor.com\/1\/?p=78837"},"modified":"2026-08-28T14:04:36","modified_gmt":"2026-08-28T12:04:36","slug":"zbulo-ballkanistiken-ne-universitetin-e-prishtines-aplikimet-e-hapura-deri-me-5-shtator","status":"publish","type":"post","link":"https:\/\/radiokfor.com\/1\/zbulo-ballkanistiken-ne-universitetin-e-prishtines-aplikimet-e-hapura-deri-me-5-shtator\/","title":{"rendered":"Zbulo Ballkanistik\u00ebn n\u00eb Universitetin e Prishtin\u00ebs, aplikimet e hapura deri m\u00eb 5 shtator"},"content":{"rendered":"<p><strong>Universiteti i Prishtin\u00ebs ka hapur aplikimet p\u00ebr afatin e dyt\u00eb t\u00eb regjistrimit n\u00eb Programin e Ballkanistik\u00ebs. Kandidat\u00ebt mund t\u00eb aplikojn\u00eb nga data 28 gusht deri m\u00eb 5 shtator, 2026.<\/strong><\/p>\n<p>Programi i Ballkanistik\u00ebs n\u00eb Fakultetin e Filologjis\u00eb \u00ebsht\u00eb nj\u00eb program i ri trevje\u00e7ar Bachelor, me 180 ECTS kredi, i hapur p\u00ebr student\u00eb nga t\u00eb gjitha komunitetet n\u00eb Kosov\u00eb.<\/p>\n<p>N\u00eb kuad\u00ebr t\u00eb programit, student\u00ebt kan\u00eb mund\u00ebsi t\u00eb studiojn\u00eb krahas gjuh\u00ebs shqipe edhe nj\u00eb gjuhe ballkanike, si boshnjake, serbe, kroate ose malazeze si dhe kan\u00eb mund\u00ebsi t\u00eb m\u00ebsojn\u00eb ndonj\u00ebr\u00ebn nga gjuh\u00ebt bullgare, greke, maqedonase apo rumune s\u00eb bashku me nj\u00eb gjuh\u00eb t\u00eb huaj.<\/p>\n<p>Programi kombinon studimin e gjuh\u00ebve me p\u00ebrkthimin, interpretimin, m\u00ebsimdh\u00ebnien dhe k\u00ebrkimin shkencor, duke u ofruar student\u00ebve edhe mund\u00ebsi p\u00ebr praktik\u00eb profesionale.<\/p>\n<p>Pas p\u00ebrfundimit t\u00eb studimeve, t\u00eb diplomuarit mund t\u00eb nd\u00ebrtojn\u00eb karrier\u00eb n\u00eb m\u00ebsimdh\u00ebnie, p\u00ebrkthim e interpretim, media, diplomaci, sektorin publik, me organizatat joqeveritare si dhe n\u00eb fusha q\u00eb lidhen me kultur\u00ebn dhe \u00e7\u00ebshtjet rajonale.<\/p>\n<p>Nj\u00eb tjet\u00ebr mund\u00ebsi p\u00ebr student\u00ebt jan\u00eb programet e mobilitetit Erasmus+ dhe CEEPUS, vizitat studimore dhe bashk\u00ebpunimi me universitete n\u00eb Evrop\u00eb dhe Ballkan.<\/p>\n<p>Programi \u00ebsht\u00eb\u00a0<strong>akredituar k\u00ebt\u00eb vit dhe \u00ebsht\u00eb riorganizuar si program trevje\u00e7ar<\/strong>. Provimi pranues p\u00ebrb\u00ebhet nga dy teste gjuh\u00ebsore, n\u00eb shqip dhe n\u00eb nj\u00eb gjuh\u00eb ballkanike, t\u00eb cilat synojn\u00eb kryesisht t\u00eb p\u00ebrcaktojn\u00eb nivelin gjuh\u00ebsor t\u00eb kandidatit.<\/p>\n<p><strong>Aplikimet jan\u00eb t\u00eb hapura deri m\u00eb 5 shtator 2026, online dhe fizikisht.<\/strong><\/p>\n<p>P\u00ebr m\u00eb shum\u00eb informata, ndiqni Programin e Ballkanistik\u00ebs n\u00eb Instagram: <a href=\"http:\/\/balkanisticsprogramme\">balkanisticsprogramme<\/a><\/p>\n<div class=\"html-div xdj266r x14z9mp xat24cr x1lziwak xexx8yu xyri2b x18d9i69 x1c1uobl x9f619 xjbqb8w x78zum5 x15mokao x1ga7v0g x16uus16 xbiv7yw x1uhb9sk x1plvlek xryxfnj x1c4vz4f x2lah0s x1q0g3np xqjyukv x6s0dn4 x1oa3qoh x1nhvcw1\"><\/div>\n<p><strong>Zgjidh Ballkanistik\u00ebn &#8211; m\u00ebso gjuh\u00eb, kupto kultura dhe nd\u00ebrto ura nd\u00ebrmjet komuniteteve t\u00eb Ballkanit.<\/strong><\/p>\n","protected":false},"excerpt":{"rendered":"<p>Lokacioni: Universiteti i Prishtin\u00ebs.<\/p>\n<p>Afati i fundit p\u00ebr aplikim 5 shtator, 2026<\/p>\n","protected":false},"author":3,"featured_media":78841,"comment_status":"closed","ping_status":"closed","sticky":false,"template":"","format":"standard","meta":{"_monsterinsights_skip_tracking":false,"footnotes":""},"categories":[29],"tags":[],"class_list":["post-78837","post","type-post","status-publish","format-standard","has-post-thumbnail","hentry","category-jobs","category-29","description-off"],"_links":{"self":[{"href":"https:\/\/radiokfor.com\/1\/wp-json\/wp\/v2\/posts\/78837","targetHints":{"allow":["GET"]}}],"collection":[{"href":"https:\/\/radiokfor.com\/1\/wp-json\/wp\/v2\/posts"}],"about":[{"href":"https:\/\/radiokfor.com\/1\/wp-json\/wp\/v2\/types\/post"}],"author":[{"embeddable":true,"href":"https:\/\/radiokfor.com\/1\/wp-json\/wp\/v2\/users\/3"}],"replies":[{"embeddable":true,"href":"https:\/\/radiokfor.com\/1\/wp-json\/wp\/v2\/comments?post=78837"}],"version-history":[{"count":2,"href":"https:\/\/radiokfor.com\/1\/wp-json\/wp\/v2\/posts\/78837\/revisions"}],"predecessor-version":[{"id":78840,"href":"https:\/\/radiokfor.com\/1\/wp-json\/wp\/v2\/posts\/78837\/revisions\/78840"}],"wp:featuredmedia":[{"embeddable":true,"href":"https:\/\/radiokfor.com\/1\/wp-json\/wp\/v2\/media\/78841"}],"wp:attachment":[{"href":"https:\/\/radiokfor.com\/1\/wp-json\/wp\/v2\/media?parent=78837"}],"wp:term":[{"taxonomy":"category","embeddable":true,"href":"https:\/\/radiokfor.com\/1\/wp-json\/wp\/v2\/categories?post=78837"},{"taxonomy":"post_tag","embeddable":true,"href":"https:\/\/radiokfor.com\/1\/wp-json\/wp\/v2\/tags?post=78837"}],"curies":[{"name":"wp","href":"https:\/\/api.w.org\/{rel}","templated":true}]}}