{"id":78834,"date":"2026-08-28T13:37:44","date_gmt":"2026-08-28T11:37:44","guid":{"rendered":"https:\/\/radiokfor.com\/1\/?p=78834"},"modified":"2026-08-28T13:37:44","modified_gmt":"2026-08-28T11:37:44","slug":"kryeqyteti-mirepret-32-artiste-nderkombetare-ne-prishtina-dance-festival","status":"publish","type":"post","link":"https:\/\/radiokfor.com\/1\/kryeqyteti-mirepret-32-artiste-nderkombetare-ne-prishtina-dance-festival\/","title":{"rendered":"Kryeqyteti mir\u00ebpret 32 artist\u00eb nd\u00ebrkomb\u00ebtar\u00eb n\u00eb \u201cPrishtina Dance Festival\u201d"},"content":{"rendered":"<p>Prishtina do t\u00eb jet\u00eb s\u00ebrish n\u00eb qend\u00ebr t\u00eb v\u00ebmendjes s\u00eb komunitetit nd\u00ebrkomb\u00ebtar t\u00eb vall\u00ebzimit me edicionin e dyt\u00eb t\u00eb\u00a0\u2018Prishtina Dance Festival\u2019, i cili do t\u00eb mbahet n\u00eb datat 4, 5 dhe 6 shtator, n\u00eb Klan Arena.<\/p>\n<p>Festivali k\u00ebt\u00eb vit vjen n\u00eb nj\u00eb format m\u00eb t\u00eb zgjeruar, duke mbledhur 32 artist\u00eb nd\u00ebrkomb\u00ebtar\u00eb, tri skena dhe rreth 13 stile t\u00eb ndryshme t\u00eb vall\u00ebzimit. Artist\u00ebt do t\u00eb performojn\u00eb, por gjithashtu do t\u00eb zhvillojn\u00eb workshope dhe klasa p\u00ebr pjes\u00ebmarr\u00ebsit e t\u00eb gjitha moshave dhe niveleve. Organizator\u00ebt, p\u00ebrmes Love and Dance, synojn\u00eb q\u00eb Prishtin\u00ebn ta shnd\u00ebrrojn\u00eb n\u00eb nj\u00eb pik\u00ebtakim p\u00ebr valltar\u00eb, instruktor\u00eb dhe adhurues t\u00eb k\u00ebrcimit nga Kosova, rajoni, diaspora dhe vende t\u00eb ndryshme t\u00eb Evrop\u00ebs.<\/p>\n<p>Organizator i festivalit, z. Rron Haxhiislami, thot\u00eb se nj\u00eb prej ve\u00e7antive t\u00eb k\u00ebtij edicioni \u00ebsht\u00eb rikthimi n\u00eb Kosov\u00eb i artist\u00ebve shqiptar\u00eb t\u00eb diaspor\u00ebs, disa prej t\u00eb cil\u00ebve nuk kan\u00eb qen\u00eb n\u00eb Prishtin\u00eb prej m\u00eb shum\u00eb se 15 vitesh.<\/p>\n<p>Programi p\u00ebrfshin 13 stile t\u00eb vall\u00ebzimit, nd\u00ebr to Salsa, Bachata, Kizomba, Cha Cha, Rumba, Afro Cuban, Dancehall, Afro Mambo, Son Cubano, Reggaeton, Afrobeats, Mambo dhe Boogaloo.<\/p>\n","protected":false},"excerpt":{"rendered":"<p>Prishtina do t\u00eb jet\u00eb s\u00ebrish n\u00eb qend\u00ebr t\u00eb v\u00ebmendjes s\u00eb komunitetit nd\u00ebrkomb\u00ebtar t\u00eb vall\u00ebzimit me edicionin e dyt\u00eb t\u00eb\u00a0\u2018Prishtina Dance Festival\u2019, i cili do t\u00eb mbahet n\u00eb datat 4, 5 dhe 6 shtator, n\u00eb Klan Arena. Festivali k\u00ebt\u00eb vit vjen n\u00eb nj\u00eb format m\u00eb t\u00eb zgjeruar, duke mbledhur 32 artist\u00eb nd\u00ebrkomb\u00ebtar\u00eb, tri skena dhe rreth&hellip;<\/p>\n","protected":false},"author":3,"featured_media":78835,"comment_status":"closed","ping_status":"closed","sticky":false,"template":"","format":"standard","meta":{"_monsterinsights_skip_tracking":false,"footnotes":""},"categories":[2],"tags":[],"class_list":["post-78834","post","type-post","status-publish","format-standard","has-post-thumbnail","hentry","category-news","category-2","description-off"],"_links":{"self":[{"href":"https:\/\/radiokfor.com\/1\/wp-json\/wp\/v2\/posts\/78834","targetHints":{"allow":["GET"]}}],"collection":[{"href":"https:\/\/radiokfor.com\/1\/wp-json\/wp\/v2\/posts"}],"about":[{"href":"https:\/\/radiokfor.com\/1\/wp-json\/wp\/v2\/types\/post"}],"author":[{"embeddable":true,"href":"https:\/\/radiokfor.com\/1\/wp-json\/wp\/v2\/users\/3"}],"replies":[{"embeddable":true,"href":"https:\/\/radiokfor.com\/1\/wp-json\/wp\/v2\/comments?post=78834"}],"version-history":[{"count":1,"href":"https:\/\/radiokfor.com\/1\/wp-json\/wp\/v2\/posts\/78834\/revisions"}],"predecessor-version":[{"id":78836,"href":"https:\/\/radiokfor.com\/1\/wp-json\/wp\/v2\/posts\/78834\/revisions\/78836"}],"wp:featuredmedia":[{"embeddable":true,"href":"https:\/\/radiokfor.com\/1\/wp-json\/wp\/v2\/media\/78835"}],"wp:attachment":[{"href":"https:\/\/radiokfor.com\/1\/wp-json\/wp\/v2\/media?parent=78834"}],"wp:term":[{"taxonomy":"category","embeddable":true,"href":"https:\/\/radiokfor.com\/1\/wp-json\/wp\/v2\/categories?post=78834"},{"taxonomy":"post_tag","embeddable":true,"href":"https:\/\/radiokfor.com\/1\/wp-json\/wp\/v2\/tags?post=78834"}],"curies":[{"name":"wp","href":"https:\/\/api.w.org\/{rel}","templated":true}]}}