{"id":78816,"date":"2026-09-05T06:00:13","date_gmt":"2026-09-05T04:00:13","guid":{"rendered":"https:\/\/radiokfor.com\/1\/?p=78816"},"modified":"2026-08-27T15:08:21","modified_gmt":"2026-08-27T13:08:21","slug":"nje-shoqeri-me-e-mire-ndertohet-duke-ndihmuar-njeri-tjetrin","status":"publish","type":"post","link":"https:\/\/radiokfor.com\/1\/nje-shoqeri-me-e-mire-ndertohet-duke-ndihmuar-njeri-tjetrin\/","title":{"rendered":"Nj\u00eb shoq\u00ebri m\u00eb e mir\u00eb nd\u00ebrtohet duke ndihmuar nj\u00ebri-tjetrin"},"content":{"rendered":"<p>Bamir\u00ebsia \u00ebsht\u00eb nj\u00eb nga format m\u00eb t\u00eb fuqishme t\u00eb solidaritetit njer\u00ebzor, p\u00ebrmes s\u00eb cil\u00ebs individ\u00ebt dhe komunitetet mund t\u2019u dalin n\u00eb ndihm\u00eb atyre q\u00eb p\u00ebrballen me v\u00ebshtir\u00ebsi dhe kan\u00eb nevoj\u00eb p\u00ebr mb\u00ebshtetje.<\/p>\n<p>Prandaj, m\u00eb 5 shtator sh\u00ebnohet \u201cDita Nd\u00ebrkomb\u00ebtare e Bamir\u00ebsis\u00eb\u201d, e caktuar nga Kombet e Bashkuara me q\u00ebllim promovimin e bamir\u00ebsis\u00eb, humanizmit dhe solidaritetit n\u00eb mbar\u00eb bot\u00ebn. Kjo dit\u00eb synon t\u00eb rris\u00eb nd\u00ebrgjegj\u00ebsimin p\u00ebr r\u00ebnd\u00ebsin\u00eb e ndihm\u00ebs ndaj njer\u00ebzve n\u00eb nevoj\u00eb dhe p\u00ebr rolin q\u00eb bamir\u00ebsia mund t\u00eb ket\u00eb n\u00eb p\u00ebrballimin e varf\u00ebris\u00eb, krizave humanitare dhe sfidave t\u00eb ndryshme sociale. Nj\u00ebkoh\u00ebsisht, ajo sh\u00ebrben si thirrje p\u00ebr individ\u00ebt, organizatat dhe institucionet q\u00eb t\u00eb kontribuojn\u00eb n\u00eb krijimin e nj\u00eb shoq\u00ebrie m\u00eb solidarizuese dhe m\u00eb gjith\u00ebp\u00ebrfshir\u00ebse. Bamir\u00ebsia nuk n\u00ebnkupton vet\u00ebm kontributin financiar. Ajo mund t\u00eb shprehet edhe p\u00ebrmes vullnetarizmit, dhurimit t\u00eb ushqimit, veshmbathjeve, gjakut apo p\u00ebrmes \u00e7do veprimi tjet\u00ebr q\u00eb mund t\u2019i leht\u00ebsoj\u00eb jet\u00ebn dikujt n\u00eb nevoj\u00eb.<\/p>\n<p>N\u00eb k\u00ebt\u00eb frym\u00eb solidariteti dhe humanizmi, shqiptar\u00ebt kan\u00eb nj\u00eb nga shembujt m\u00eb t\u00eb fuqish\u00ebm p\u00ebr t\u2019u frym\u00ebzuar: N\u00ebn\u00eb Terez\u00ebn. E lindur shqiptare dhe e njohur n\u00eb mbar\u00eb bot\u00ebn p\u00ebr p\u00ebrkushtimin e saj ndaj njer\u00ebzve n\u00eb nevoj\u00eb, ajo e shnd\u00ebrroi dashurin\u00eb, dhembshurin\u00eb dhe sh\u00ebrbimin ndaj tjetrit n\u00eb mision t\u00eb jet\u00ebs. Figura e saj mbetet nj\u00eb d\u00ebshmi se humanizmi nuk njeh kufij dhe se edhe nj\u00eb gjest i thjesht\u00eb, kur b\u00ebhet me zem\u00ebr, mund t\u00eb sjell\u00eb ndryshim t\u00eb madh n\u00eb jet\u00ebn e dikujt.<\/p>\n","protected":false},"excerpt":{"rendered":"<p>Bamir\u00ebsia \u00ebsht\u00eb nj\u00eb nga format m\u00eb t\u00eb fuqishme t\u00eb solidaritetit njer\u00ebzor, p\u00ebrmes s\u00eb cil\u00ebs individ\u00ebt dhe komunitetet mund t\u2019u dalin n\u00eb ndihm\u00eb atyre q\u00eb p\u00ebrballen me v\u00ebshtir\u00ebsi dhe kan\u00eb nevoj\u00eb p\u00ebr mb\u00ebshtetje. Prandaj, m\u00eb 5 shtator sh\u00ebnohet \u201cDita Nd\u00ebrkomb\u00ebtare e Bamir\u00ebsis\u00eb\u201d, e caktuar nga Kombet e Bashkuara me q\u00ebllim promovimin e bamir\u00ebsis\u00eb, humanizmit dhe solidaritetit&hellip;<\/p>\n","protected":false},"author":3,"featured_media":51794,"comment_status":"closed","ping_status":"closed","sticky":false,"template":"","format":"standard","meta":{"_monsterinsights_skip_tracking":false,"footnotes":""},"categories":[2],"tags":[],"class_list":["post-78816","post","type-post","status-publish","format-standard","has-post-thumbnail","hentry","category-news","category-2","description-off"],"_links":{"self":[{"href":"https:\/\/radiokfor.com\/1\/wp-json\/wp\/v2\/posts\/78816","targetHints":{"allow":["GET"]}}],"collection":[{"href":"https:\/\/radiokfor.com\/1\/wp-json\/wp\/v2\/posts"}],"about":[{"href":"https:\/\/radiokfor.com\/1\/wp-json\/wp\/v2\/types\/post"}],"author":[{"embeddable":true,"href":"https:\/\/radiokfor.com\/1\/wp-json\/wp\/v2\/users\/3"}],"replies":[{"embeddable":true,"href":"https:\/\/radiokfor.com\/1\/wp-json\/wp\/v2\/comments?post=78816"}],"version-history":[{"count":1,"href":"https:\/\/radiokfor.com\/1\/wp-json\/wp\/v2\/posts\/78816\/revisions"}],"predecessor-version":[{"id":78817,"href":"https:\/\/radiokfor.com\/1\/wp-json\/wp\/v2\/posts\/78816\/revisions\/78817"}],"wp:featuredmedia":[{"embeddable":true,"href":"https:\/\/radiokfor.com\/1\/wp-json\/wp\/v2\/media\/51794"}],"wp:attachment":[{"href":"https:\/\/radiokfor.com\/1\/wp-json\/wp\/v2\/media?parent=78816"}],"wp:term":[{"taxonomy":"category","embeddable":true,"href":"https:\/\/radiokfor.com\/1\/wp-json\/wp\/v2\/categories?post=78816"},{"taxonomy":"post_tag","embeddable":true,"href":"https:\/\/radiokfor.com\/1\/wp-json\/wp\/v2\/tags?post=78816"}],"curies":[{"name":"wp","href":"https:\/\/api.w.org\/{rel}","templated":true}]}}