{"id":78013,"date":"2026-04-30T21:43:44","date_gmt":"2026-04-30T19:43:44","guid":{"rendered":"https:\/\/radiokfor.com\/1\/?p=78013"},"modified":"2026-04-30T21:43:44","modified_gmt":"2026-04-30T19:43:44","slug":"lamtumire-titi-zeri-yt-dhe-puna-jote-do-te-jetojne-gjithmone-me-ne","status":"publish","type":"post","link":"https:\/\/radiokfor.com\/1\/lamtumire-titi-zeri-yt-dhe-puna-jote-do-te-jetojne-gjithmone-me-ne\/","title":{"rendered":"Lamtumir\u00eb, Titi. Z\u00ebri yt dhe puna jote do t\u00eb jetojn\u00eb gjithmon\u00eb me ne"},"content":{"rendered":"<p>\u00cbsht\u00eb ndar\u00eb nga jeta Astrit Dushi Titi, nj\u00eb nga njer\u00ebzit q\u00eb p\u00ebr 17 vite ishte pjes\u00eb e z\u00ebrit dhe shpirtit t\u00eb Radio KFOR-it. Nj\u00eb profesionist i v\u00ebrtet\u00eb, nj\u00eb koleg i qet\u00eb, i dashur dhe i respektuar nga t\u00eb gjith\u00eb, la gjurm\u00eb t\u00eb pashlyeshme n\u00eb \u00e7do hap t\u00eb pun\u00ebs s\u00eb tij.<br \/>\nQ\u00eb nga viti 1999, ai ka l\u00ebn\u00eb vul\u00ebn e tij n\u00eb programin e radios, duke u b\u00ebr\u00eb pjes\u00eb e pandashme e historis\u00eb dhe identitetit ton\u00eb muzikor. Me p\u00ebrkushtim dhe dashuri p\u00ebr muzik\u00ebn, ai ndikoi n\u00eb form\u00ebsimin e nj\u00eb programi q\u00eb u b\u00eb i dashur p\u00ebr d\u00ebgjuesit p\u00ebr vite me radh\u00eb.<br \/>\nNga sot, mungesa e tij do t\u00eb ndihet thell\u00eb, por kujtimi p\u00ebr t\u00eb mbetet do t\u00eb mbetet i gjall\u00eb tek t\u00eb gjith\u00eb ata q\u00eb pat\u00ebn fatin ta njohin dhe t\u00eb punojn\u00eb me t\u00eb.<br \/>\nNgush\u00ebllime t\u00eb sinqerta familjes, miqve dhe gjith\u00eb koleg\u00ebve nga ekipi i Radio KFOR-it.<br \/>\nLamtumir\u00eb, Titi. Z\u00ebri yt dhe puna jote do t\u00eb jetojn\u00eb gjithmon\u00eb me ne.<\/p>\n","protected":false},"excerpt":{"rendered":"<p>\u00cbsht\u00eb ndar\u00eb nga jeta Astrit Dushi Titi, nj\u00eb nga njer\u00ebzit q\u00eb p\u00ebr 17 vite ishte pjes\u00eb e z\u00ebrit dhe shpirtit t\u00eb Radio KFOR-it. Nj\u00eb profesionist i v\u00ebrtet\u00eb, nj\u00eb koleg i qet\u00eb, i dashur dhe i respektuar nga t\u00eb gjith\u00eb, la gjurm\u00eb t\u00eb pashlyeshme n\u00eb \u00e7do hap t\u00eb pun\u00ebs s\u00eb tij. Q\u00eb nga viti 1999, ai&hellip;<\/p>\n","protected":false},"author":8,"featured_media":78019,"comment_status":"closed","ping_status":"closed","sticky":false,"template":"","format":"standard","meta":{"_monsterinsights_skip_tracking":false,"_monsterinsights_sitenote_active":false,"_monsterinsights_sitenote_note":"","_monsterinsights_sitenote_category":0,"footnotes":""},"categories":[2],"tags":[],"class_list":["post-78013","post","type-post","status-publish","format-standard","has-post-thumbnail","hentry","category-news","category-2","description-off"],"_links":{"self":[{"href":"https:\/\/radiokfor.com\/1\/wp-json\/wp\/v2\/posts\/78013","targetHints":{"allow":["GET"]}}],"collection":[{"href":"https:\/\/radiokfor.com\/1\/wp-json\/wp\/v2\/posts"}],"about":[{"href":"https:\/\/radiokfor.com\/1\/wp-json\/wp\/v2\/types\/post"}],"author":[{"embeddable":true,"href":"https:\/\/radiokfor.com\/1\/wp-json\/wp\/v2\/users\/8"}],"replies":[{"embeddable":true,"href":"https:\/\/radiokfor.com\/1\/wp-json\/wp\/v2\/comments?post=78013"}],"version-history":[{"count":1,"href":"https:\/\/radiokfor.com\/1\/wp-json\/wp\/v2\/posts\/78013\/revisions"}],"predecessor-version":[{"id":78015,"href":"https:\/\/radiokfor.com\/1\/wp-json\/wp\/v2\/posts\/78013\/revisions\/78015"}],"wp:featuredmedia":[{"embeddable":true,"href":"https:\/\/radiokfor.com\/1\/wp-json\/wp\/v2\/media\/78019"}],"wp:attachment":[{"href":"https:\/\/radiokfor.com\/1\/wp-json\/wp\/v2\/media?parent=78013"}],"wp:term":[{"taxonomy":"category","embeddable":true,"href":"https:\/\/radiokfor.com\/1\/wp-json\/wp\/v2\/categories?post=78013"},{"taxonomy":"post_tag","embeddable":true,"href":"https:\/\/radiokfor.com\/1\/wp-json\/wp\/v2\/tags?post=78013"}],"curies":[{"name":"wp","href":"https:\/\/api.w.org\/{rel}","templated":true}]}}