{"id":78000,"date":"2026-04-29T06:07:56","date_gmt":"2026-04-29T04:07:56","guid":{"rendered":"https:\/\/radiokfor.com\/1\/?p=78000"},"modified":"2026-04-28T15:06:06","modified_gmt":"2026-04-28T13:06:06","slug":"kur-levizjet-behen-art-dhe-arti-behet-shpirt","status":"publish","type":"post","link":"https:\/\/radiokfor.com\/1\/kur-levizjet-behen-art-dhe-arti-behet-shpirt\/","title":{"rendered":"Kur l\u00ebvizjet b\u00ebhen art dhe arti b\u00ebhet shpirt"},"content":{"rendered":"<p>Ka momente kur fjal\u00ebt nuk mjaftojn\u00eb dhe aty fillon vall\u00ebzimi. Nj\u00eb l\u00ebvizje e vetme mund t\u00eb tregoj\u00eb m\u00eb shum\u00eb se nj\u00eb mij\u00eb fjal\u00eb.<\/p>\n<p>\u00c7do vit, m\u00eb 29 prill, bota feston \u201cDit\u00ebn Nd\u00ebrkomb\u00ebtare t\u00eb Vall\u00ebzimit\u201d, nj\u00eb dit\u00eb kushtuar artit q\u00eb flet p\u00ebrmes trupit dhe emocioneve. Kjo dat\u00eb sh\u00ebnon edhe dit\u00eblindjen e Jean-Georges Noverre, nj\u00eb nga figurat q\u00eb ndryshoi p\u00ebrgjithmon\u00eb baletin modern dhe m\u00ebnyr\u00ebn se si tregohen historit\u00eb n\u00eb sken\u00eb.<\/p>\n<p>Vall\u00ebzimi mbetet nj\u00eb gjuh\u00eb universale. Nga baleti klasik te vallet tradicionale e deri te stilet moderne urbane, ai bashkon njer\u00ebz nga kultura dhe vende t\u00eb ndryshme.<\/p>\n<p>N\u00eb nj\u00eb bot\u00eb q\u00eb shpesh \u00ebsht\u00eb e mbushur me tensione dhe ndarje, vall\u00ebzimi na kujton se sa shum\u00eb kemi t\u00eb p\u00ebrbashk\u00ebta. Nj\u00eb hap, nj\u00eb rit\u00ebm, nj\u00eb melodi dhe papritur, njer\u00ebzit b\u00ebhen bashk\u00eb.<\/p>\n","protected":false},"excerpt":{"rendered":"<p>Ka momente kur fjal\u00ebt nuk mjaftojn\u00eb dhe aty fillon vall\u00ebzimi. Nj\u00eb l\u00ebvizje e vetme mund t\u00eb tregoj\u00eb m\u00eb shum\u00eb se nj\u00eb mij\u00eb fjal\u00eb. \u00c7do vit, m\u00eb 29 prill, bota feston \u201cDit\u00ebn Nd\u00ebrkomb\u00ebtare t\u00eb Vall\u00ebzimit\u201d, nj\u00eb dit\u00eb kushtuar artit q\u00eb flet p\u00ebrmes trupit dhe emocioneve. Kjo dat\u00eb sh\u00ebnon edhe dit\u00eblindjen e Jean-Georges Noverre, nj\u00eb nga figurat&hellip;<\/p>\n","protected":false},"author":3,"featured_media":74524,"comment_status":"closed","ping_status":"closed","sticky":false,"template":"","format":"standard","meta":{"_monsterinsights_skip_tracking":false,"_monsterinsights_sitenote_active":false,"_monsterinsights_sitenote_note":"","_monsterinsights_sitenote_category":0,"footnotes":""},"categories":[2],"tags":[],"class_list":["post-78000","post","type-post","status-publish","format-standard","has-post-thumbnail","hentry","category-news","category-2","description-off"],"_links":{"self":[{"href":"https:\/\/radiokfor.com\/1\/wp-json\/wp\/v2\/posts\/78000","targetHints":{"allow":["GET"]}}],"collection":[{"href":"https:\/\/radiokfor.com\/1\/wp-json\/wp\/v2\/posts"}],"about":[{"href":"https:\/\/radiokfor.com\/1\/wp-json\/wp\/v2\/types\/post"}],"author":[{"embeddable":true,"href":"https:\/\/radiokfor.com\/1\/wp-json\/wp\/v2\/users\/3"}],"replies":[{"embeddable":true,"href":"https:\/\/radiokfor.com\/1\/wp-json\/wp\/v2\/comments?post=78000"}],"version-history":[{"count":1,"href":"https:\/\/radiokfor.com\/1\/wp-json\/wp\/v2\/posts\/78000\/revisions"}],"predecessor-version":[{"id":78001,"href":"https:\/\/radiokfor.com\/1\/wp-json\/wp\/v2\/posts\/78000\/revisions\/78001"}],"wp:featuredmedia":[{"embeddable":true,"href":"https:\/\/radiokfor.com\/1\/wp-json\/wp\/v2\/media\/74524"}],"wp:attachment":[{"href":"https:\/\/radiokfor.com\/1\/wp-json\/wp\/v2\/media?parent=78000"}],"wp:term":[{"taxonomy":"category","embeddable":true,"href":"https:\/\/radiokfor.com\/1\/wp-json\/wp\/v2\/categories?post=78000"},{"taxonomy":"post_tag","embeddable":true,"href":"https:\/\/radiokfor.com\/1\/wp-json\/wp\/v2\/tags?post=78000"}],"curies":[{"name":"wp","href":"https:\/\/api.w.org\/{rel}","templated":true}]}}