{"id":77986,"date":"2026-05-03T06:00:24","date_gmt":"2026-05-03T04:00:24","guid":{"rendered":"https:\/\/radiokfor.com\/1\/?p=77986"},"modified":"2026-04-27T14:29:42","modified_gmt":"2026-04-27T12:29:42","slug":"gazetaria-ne-mbrojtje-te-se-vertetes-kunder-dezinformimit","status":"publish","type":"post","link":"https:\/\/radiokfor.com\/1\/gazetaria-ne-mbrojtje-te-se-vertetes-kunder-dezinformimit\/","title":{"rendered":"Gazetaria n\u00eb mbrojtje t\u00eb s\u00eb v\u00ebrtet\u00ebs, kund\u00ebr dezinformimit"},"content":{"rendered":"<p>Sot, bota sh\u00ebnon \u2018Dit\u00ebn Bot\u00ebrore t\u00eb Liris\u00eb s\u00eb Shtypit\u2019, nj\u00eb dat\u00eb e shpallur nga OKB-ja p\u00ebr t\u00eb vler\u00ebsuar parimet themelore t\u00eb liris\u00eb s\u00eb medias dhe p\u00ebr t\u00eb nderuar gazetar\u00ebt q\u00eb sakrifikojn\u00eb gjith\u00e7ka p\u00ebr t\u00eb informuar publikun.<\/p>\n<p>Liria e shtypit nuk \u00ebsht\u00eb vet\u00ebm nj\u00eb e drejt\u00eb e gazetar\u00ebve, por nj\u00eb shtyll\u00eb kryesore e \u00e7do shoq\u00ebrie demokratike. N\u00eb nj\u00eb epok\u00eb ku dezinformimi dhe lajmet e rreme p\u00ebrhapen me shpejt\u00ebsi, informimi i sakt\u00eb, i paansh\u00ebm dhe i pavarur mbetet mbrojtja jon\u00eb m\u00eb e mir\u00eb. N\u00eb k\u00ebt\u00eb dit\u00eb, Radio KFOR-i rikonfirmon p\u00ebrkushtimin p\u00ebr t\u00eb qen\u00eb nj\u00eb z\u00eb i besuesh\u00ebm, duke mbrojtur t\u00eb drejt\u00ebn e \u00e7do qytetari p\u00ebr qasje n\u00eb informacion t\u00eb sakt\u00eb dhe t\u00eb verifikuar. Kujtojm\u00eb se pa liri t\u00eb shprehjes, edhe liria e mendimit mbetet e kufizuar.<\/p>\n<p>Sot nderojm\u00eb t\u00eb gjith\u00eb gazetar\u00ebt q\u00eb kan\u00eb raportuar dhe vazhdojn\u00eb t\u00eb raportojn\u00eb nga zona t\u00eb rrezikshme apo konflikti, duke u p\u00ebrballur me sfida t\u00eb shumta p\u00ebr t\u00eb sjell\u00eb t\u00eb v\u00ebrtet\u00ebn n\u00eb drit\u00eb. Sepse, n\u00eb fund, vet\u00ebm e v\u00ebrteta na mban t\u00eb informuar dhe t\u00eb lir\u00eb.<\/p>\n","protected":false},"excerpt":{"rendered":"<p>Sot, bota sh\u00ebnon \u2018Dit\u00ebn Bot\u00ebrore t\u00eb Liris\u00eb s\u00eb Shtypit\u2019, nj\u00eb dat\u00eb e shpallur nga OKB-ja p\u00ebr t\u00eb vler\u00ebsuar parimet themelore t\u00eb liris\u00eb s\u00eb medias dhe p\u00ebr t\u00eb nderuar gazetar\u00ebt q\u00eb sakrifikojn\u00eb gjith\u00e7ka p\u00ebr t\u00eb informuar publikun. Liria e shtypit nuk \u00ebsht\u00eb vet\u00ebm nj\u00eb e drejt\u00eb e gazetar\u00ebve, por nj\u00eb shtyll\u00eb kryesore e \u00e7do shoq\u00ebrie demokratike.&hellip;<\/p>\n","protected":false},"author":3,"featured_media":73130,"comment_status":"closed","ping_status":"closed","sticky":false,"template":"","format":"standard","meta":{"_monsterinsights_skip_tracking":false,"_monsterinsights_sitenote_active":false,"_monsterinsights_sitenote_note":"","_monsterinsights_sitenote_category":0,"footnotes":""},"categories":[2],"tags":[],"class_list":["post-77986","post","type-post","status-publish","format-standard","has-post-thumbnail","hentry","category-news","category-2","description-off"],"_links":{"self":[{"href":"https:\/\/radiokfor.com\/1\/wp-json\/wp\/v2\/posts\/77986","targetHints":{"allow":["GET"]}}],"collection":[{"href":"https:\/\/radiokfor.com\/1\/wp-json\/wp\/v2\/posts"}],"about":[{"href":"https:\/\/radiokfor.com\/1\/wp-json\/wp\/v2\/types\/post"}],"author":[{"embeddable":true,"href":"https:\/\/radiokfor.com\/1\/wp-json\/wp\/v2\/users\/3"}],"replies":[{"embeddable":true,"href":"https:\/\/radiokfor.com\/1\/wp-json\/wp\/v2\/comments?post=77986"}],"version-history":[{"count":1,"href":"https:\/\/radiokfor.com\/1\/wp-json\/wp\/v2\/posts\/77986\/revisions"}],"predecessor-version":[{"id":77987,"href":"https:\/\/radiokfor.com\/1\/wp-json\/wp\/v2\/posts\/77986\/revisions\/77987"}],"wp:featuredmedia":[{"embeddable":true,"href":"https:\/\/radiokfor.com\/1\/wp-json\/wp\/v2\/media\/73130"}],"wp:attachment":[{"href":"https:\/\/radiokfor.com\/1\/wp-json\/wp\/v2\/media?parent=77986"}],"wp:term":[{"taxonomy":"category","embeddable":true,"href":"https:\/\/radiokfor.com\/1\/wp-json\/wp\/v2\/categories?post=77986"},{"taxonomy":"post_tag","embeddable":true,"href":"https:\/\/radiokfor.com\/1\/wp-json\/wp\/v2\/tags?post=77986"}],"curies":[{"name":"wp","href":"https:\/\/api.w.org\/{rel}","templated":true}]}}