{"id":77965,"date":"2026-04-27T06:04:19","date_gmt":"2026-04-27T04:04:19","guid":{"rendered":"https:\/\/radiokfor.com\/1\/?p=77965"},"modified":"2026-04-22T14:07:43","modified_gmt":"2026-04-22T12:07:43","slug":"kosova-pjese-e-bienales-se-venecias-me-hard-teeth","status":"publish","type":"post","link":"https:\/\/radiokfor.com\/1\/kosova-pjese-e-bienales-se-venecias-me-hard-teeth\/","title":{"rendered":"Kosova pjes\u00eb e Bienales s\u00eb Venecia\u2019s me \u2018Hard Teeth\u2019"},"content":{"rendered":"<p>Kosova do t\u00eb rikthehet n\u00eb sken\u00ebn nd\u00ebrkomb\u00ebtare t\u00eb artit me nj\u00eb prezenc\u00eb t\u00eb r\u00ebnd\u00ebsishme n\u00eb Bienalen e Venecias, nj\u00eb nga ngjarjet m\u00eb prestigjioze t\u00eb artit bashk\u00ebkohor n\u00eb bot\u00eb. Edicioni i ri pritet t\u00eb hapet n\u00eb muajin maj 2026, duke mbledhur artist\u00eb, kurator\u00eb dhe institucione nga dhjet\u00ebra vende, ku \u00e7do pavijon komb\u00ebtar sh\u00ebrben si nj\u00eb pasqyr\u00eb e identitetit dhe zhvillimeve artistike t\u00eb atij vendi.<\/p>\n<p>Kosova do t\u00eb prezantohet me projektin \u2018Hard Teeth\u2019, nj\u00eb ekspozit\u00eb q\u00eb sjell nj\u00eb qasje t\u00eb thell\u00eb dhe reflektuese mbi p\u00ebrvoj\u00ebn njer\u00ebzore. Krijues i saj \u00ebsht\u00eb artisti Brilant Milazimi, i cili p\u00ebrmes k\u00ebtij projekti eksploron peizazhe psikologjike t\u00eb nd\u00ebrtuara mbi tensionin, \u00ebndrr\u00ebn dhe iden\u00eb e mbijetes\u00ebs.<\/p>\n<p>Ekspozita do t\u00eb hapet m\u00eb 9 maj, 2026 dhe do t\u00eb q\u00ebndroj\u00eb e hapur deri m\u00eb 22 n\u00ebntor, 2026 n\u00eb hap\u00ebsir\u00ebn historike Chiesa di Santa Maria del Pianto n\u00eb Venecia, nj\u00eb vend q\u00eb shpesh shnd\u00ebrrohet n\u00eb pik\u00eb takimi p\u00ebr artin eksperimental gjat\u00eb Bienales.<\/p>\n<p>Kurimi i ekspozit\u00ebs \u00ebsht\u00eb realizuar nga Jos\u00e9 Esparza Chong Cuy, nj\u00eb em\u00ebr i njohur n\u00eb sken\u00ebn nd\u00ebrkomb\u00ebtare t\u00eb artit, i cili ka punuar me institucione t\u00eb r\u00ebnd\u00ebsishme globale. Nd\u00ebrkoh\u00eb, komisionere e pavijonit t\u00eb Kosov\u00ebs \u00ebsht\u00eb Hana Halilaj nga Galeria Komb\u00ebtare e Kosov\u00ebs, institucioni q\u00eb vazhdon t\u00eb luaj\u00eb rol ky\u00e7 n\u00eb p\u00ebrfaq\u00ebsimin e artist\u00ebve kosovar\u00eb jasht\u00eb vendit.<\/p>\n<p>Pjes\u00ebmarrja e Kosov\u00ebs n\u00eb k\u00ebt\u00eb Bienale nuk \u00ebsht\u00eb vet\u00ebm nj\u00eb prezantim artistik, por edhe nj\u00eb moment strategjik p\u00ebr afirmimin e identitetit kulturor n\u00eb aren\u00ebn globale.<\/p>\n","protected":false},"excerpt":{"rendered":"<p>Kosova do t\u00eb rikthehet n\u00eb sken\u00ebn nd\u00ebrkomb\u00ebtare t\u00eb artit me nj\u00eb prezenc\u00eb t\u00eb r\u00ebnd\u00ebsishme n\u00eb Bienalen e Venecias, nj\u00eb nga ngjarjet m\u00eb prestigjioze t\u00eb artit bashk\u00ebkohor n\u00eb bot\u00eb. Edicioni i ri pritet t\u00eb hapet n\u00eb muajin maj 2026, duke mbledhur artist\u00eb, kurator\u00eb dhe institucione nga dhjet\u00ebra vende, ku \u00e7do pavijon komb\u00ebtar sh\u00ebrben si nj\u00eb pasqyr\u00eb&hellip;<\/p>\n","protected":false},"author":3,"featured_media":77966,"comment_status":"closed","ping_status":"closed","sticky":false,"template":"","format":"standard","meta":{"_monsterinsights_skip_tracking":false,"_monsterinsights_sitenote_active":false,"_monsterinsights_sitenote_note":"","_monsterinsights_sitenote_category":0,"footnotes":""},"categories":[2],"tags":[],"class_list":["post-77965","post","type-post","status-publish","format-standard","has-post-thumbnail","hentry","category-news","category-2","description-off"],"_links":{"self":[{"href":"https:\/\/radiokfor.com\/1\/wp-json\/wp\/v2\/posts\/77965","targetHints":{"allow":["GET"]}}],"collection":[{"href":"https:\/\/radiokfor.com\/1\/wp-json\/wp\/v2\/posts"}],"about":[{"href":"https:\/\/radiokfor.com\/1\/wp-json\/wp\/v2\/types\/post"}],"author":[{"embeddable":true,"href":"https:\/\/radiokfor.com\/1\/wp-json\/wp\/v2\/users\/3"}],"replies":[{"embeddable":true,"href":"https:\/\/radiokfor.com\/1\/wp-json\/wp\/v2\/comments?post=77965"}],"version-history":[{"count":1,"href":"https:\/\/radiokfor.com\/1\/wp-json\/wp\/v2\/posts\/77965\/revisions"}],"predecessor-version":[{"id":77967,"href":"https:\/\/radiokfor.com\/1\/wp-json\/wp\/v2\/posts\/77965\/revisions\/77967"}],"wp:featuredmedia":[{"embeddable":true,"href":"https:\/\/radiokfor.com\/1\/wp-json\/wp\/v2\/media\/77966"}],"wp:attachment":[{"href":"https:\/\/radiokfor.com\/1\/wp-json\/wp\/v2\/media?parent=77965"}],"wp:term":[{"taxonomy":"category","embeddable":true,"href":"https:\/\/radiokfor.com\/1\/wp-json\/wp\/v2\/categories?post=77965"},{"taxonomy":"post_tag","embeddable":true,"href":"https:\/\/radiokfor.com\/1\/wp-json\/wp\/v2\/tags?post=77965"}],"curies":[{"name":"wp","href":"https:\/\/api.w.org\/{rel}","templated":true}]}}