{"id":77731,"date":"2026-04-08T06:00:12","date_gmt":"2026-04-08T04:00:12","guid":{"rendered":"https:\/\/radiokfor.com\/1\/?p=77731"},"modified":"2026-04-02T14:50:32","modified_gmt":"2026-04-02T12:50:32","slug":"barazi-dhe-perfshirje-per-te-gjitha-komunitetet","status":"publish","type":"post","link":"https:\/\/radiokfor.com\/1\/barazi-dhe-perfshirje-per-te-gjitha-komunitetet\/","title":{"rendered":"Barazi dhe p\u00ebrfshirje p\u00ebr t\u00eb gjitha komunitetet"},"content":{"rendered":"<p>Sot, m\u00eb 8 prill, n\u00eb mbar\u00eb bot\u00ebn sh\u00ebnohet \u201cDita Nd\u00ebrkomb\u00ebtare e Rom\u00ebve\u201d, e dedikuar p\u00ebr t\u00eb nderuar historin\u00eb, kultur\u00ebn dhe kontributin e komunitetit rom si dhe p\u00ebr t\u00eb rritur nd\u00ebrgjegj\u00ebsimin p\u00ebr sfidat me t\u00eb cilat ata p\u00ebrballen. Kjo dit\u00eb u shpall n\u00eb nder t\u00eb Kongresit t\u00eb par\u00eb Bot\u00ebror t\u00eb Rom\u00ebve, i mbajtur n\u00eb vitin 1971. \u201cDita e Rom\u00ebve\u201d sh\u00ebrben gjithashtu si nj\u00eb kujtes\u00eb p\u00ebr r\u00ebnd\u00ebsin\u00eb e respektimit t\u00eb t\u00eb drejtave t\u00eb njeriut dhe luft\u00ebs kund\u00ebr diskriminimit. Institucionet dhe organizatat nd\u00ebrkomb\u00ebtare b\u00ebjn\u00eb thirrje p\u00ebr politika m\u00eb gjith\u00ebp\u00ebrfshir\u00ebse dhe p\u00ebr p\u00ebrmir\u00ebsimin e kushteve t\u00eb jetes\u00ebs p\u00ebr komunitetin rom, pasi ky komunitet n\u00eb shum\u00eb vende vazhdon t\u00eb p\u00ebrballen me sfida n\u00eb arsim, pun\u00ebsim dhe p\u00ebrfshirje sociale.<\/p>\n<p>Le t\u00eb na sh\u00ebrbej kjo dit\u00eb p\u00ebr reflektim dhe angazhim p\u00ebr nj\u00eb shoq\u00ebri m\u00eb t\u00eb drejt\u00eb dhe m\u00eb t\u00eb barabart\u00eb p\u00ebr t\u00eb gjith\u00eb.<\/p>\n","protected":false},"excerpt":{"rendered":"<p>Sot, m\u00eb 8 prill, n\u00eb mbar\u00eb bot\u00ebn sh\u00ebnohet \u201cDita Nd\u00ebrkomb\u00ebtare e Rom\u00ebve\u201d, e dedikuar p\u00ebr t\u00eb nderuar historin\u00eb, kultur\u00ebn dhe kontributin e komunitetit rom si dhe p\u00ebr t\u00eb rritur nd\u00ebrgjegj\u00ebsimin p\u00ebr sfidat me t\u00eb cilat ata p\u00ebrballen. Kjo dit\u00eb u shpall n\u00eb nder t\u00eb Kongresit t\u00eb par\u00eb Bot\u00ebror t\u00eb Rom\u00ebve, i mbajtur n\u00eb vitin 1971.&hellip;<\/p>\n","protected":false},"author":3,"featured_media":77733,"comment_status":"closed","ping_status":"closed","sticky":false,"template":"","format":"standard","meta":{"_monsterinsights_skip_tracking":false,"_monsterinsights_sitenote_active":false,"_monsterinsights_sitenote_note":"","_monsterinsights_sitenote_category":0,"footnotes":""},"categories":[2],"tags":[],"class_list":["post-77731","post","type-post","status-publish","format-standard","has-post-thumbnail","hentry","category-news","category-2","description-off"],"_links":{"self":[{"href":"https:\/\/radiokfor.com\/1\/wp-json\/wp\/v2\/posts\/77731","targetHints":{"allow":["GET"]}}],"collection":[{"href":"https:\/\/radiokfor.com\/1\/wp-json\/wp\/v2\/posts"}],"about":[{"href":"https:\/\/radiokfor.com\/1\/wp-json\/wp\/v2\/types\/post"}],"author":[{"embeddable":true,"href":"https:\/\/radiokfor.com\/1\/wp-json\/wp\/v2\/users\/3"}],"replies":[{"embeddable":true,"href":"https:\/\/radiokfor.com\/1\/wp-json\/wp\/v2\/comments?post=77731"}],"version-history":[{"count":1,"href":"https:\/\/radiokfor.com\/1\/wp-json\/wp\/v2\/posts\/77731\/revisions"}],"predecessor-version":[{"id":77732,"href":"https:\/\/radiokfor.com\/1\/wp-json\/wp\/v2\/posts\/77731\/revisions\/77732"}],"wp:featuredmedia":[{"embeddable":true,"href":"https:\/\/radiokfor.com\/1\/wp-json\/wp\/v2\/media\/77733"}],"wp:attachment":[{"href":"https:\/\/radiokfor.com\/1\/wp-json\/wp\/v2\/media?parent=77731"}],"wp:term":[{"taxonomy":"category","embeddable":true,"href":"https:\/\/radiokfor.com\/1\/wp-json\/wp\/v2\/categories?post=77731"},{"taxonomy":"post_tag","embeddable":true,"href":"https:\/\/radiokfor.com\/1\/wp-json\/wp\/v2\/tags?post=77731"}],"curies":[{"name":"wp","href":"https:\/\/api.w.org\/{rel}","templated":true}]}}