{"id":77657,"date":"2026-04-07T06:05:21","date_gmt":"2026-04-07T04:05:21","guid":{"rendered":"https:\/\/radiokfor.com\/1\/?p=77657"},"modified":"2026-03-19T14:54:08","modified_gmt":"2026-03-19T13:54:08","slug":"prishtina-mirepret-edicionin-e-16-te-te-chopin-piano-fest","status":"publish","type":"post","link":"https:\/\/radiokfor.com\/1\/prishtina-mirepret-edicionin-e-16-te-te-chopin-piano-fest\/","title":{"rendered":"Prishtina mir\u00ebpret edicionin e 16-t\u00eb t\u00eb \u2018Chopin Piano Fest\u2019"},"content":{"rendered":"<p>Edicioni i 16-t\u00eb i \u2018Chopin Piano Fest Prishtina\u2019, pritet t\u00eb rikthej\u00eb n\u00eb kryeqytet atmosfer\u00ebn e muzik\u00ebs klasike, nga data 7 maj e deri m\u00eb 10 qershor, 2026.<\/p>\n<p>P\u00ebrgjat\u00eb k\u00ebsaj periudhe mbi nj\u00ebmujore, publiku do t\u00eb ket\u00eb mund\u00ebsi t\u00eb ndjek\u00eb nj\u00eb program t\u00eb pasur artistik q\u00eb p\u00ebrfshin koncerte solistike, performanca kamertale dhe mbr\u00ebmje t\u00eb ve\u00e7anta tematike. N\u00eb fokus t\u00eb festivalit mbetet krijimtaria e Fr\u00e9d\u00e9ric Chopin, por repertori do t\u00eb shtrihet edhe te kompozitor\u00eb t\u00eb tjer\u00eb t\u00eb njohur t\u00eb muzik\u00ebs klasike bot\u00ebrore.<\/p>\n<p>P\u00ebrve\u00e7 koncerteve, organizator\u00ebt kan\u00eb parapar\u00eb edhe aktivitete edukative si masterklasa, ligj\u00ebrata dhe takime me artist\u00eb, duke e shnd\u00ebrruar festivalin n\u00eb nj\u00eb platform\u00eb t\u00eb r\u00ebnd\u00ebsishme p\u00ebr zhvillimin profesional t\u00eb muzikant\u00ebve t\u00eb rinj dhe p\u00ebr shk\u00ebmbim p\u00ebrvojash mes artist\u00ebve vendor\u00eb e nd\u00ebrkomb\u00ebtar\u00eb.<\/p>\n<p>Organizator\u00ebt tashm\u00eb kan\u00eb b\u00ebr\u00eb t\u00eb ditur edhe programin e detajuar t\u00eb k\u00ebtij edicioni, duke ftuar t\u00eb gjith\u00eb dashamir\u00ebsit e muzik\u00ebs klasike t\u00eb b\u00ebhen pjes\u00eb e nj\u00eb prej ngjarjeve m\u00eb t\u00eb r\u00ebnd\u00ebsishme kulturore n\u00eb vend, q\u00eb pritet t\u00eb ofroj\u00eb nj\u00eb p\u00ebrvoj\u00eb unike artistike n\u00eb kryeqytet.<\/p>\n","protected":false},"excerpt":{"rendered":"<p>Edicioni i 16-t\u00eb i \u2018Chopin Piano Fest Prishtina\u2019, pritet t\u00eb rikthej\u00eb n\u00eb kryeqytet atmosfer\u00ebn e muzik\u00ebs klasike, nga data 7 maj e deri m\u00eb 10 qershor, 2026. P\u00ebrgjat\u00eb k\u00ebsaj periudhe mbi nj\u00ebmujore, publiku do t\u00eb ket\u00eb mund\u00ebsi t\u00eb ndjek\u00eb nj\u00eb program t\u00eb pasur artistik q\u00eb p\u00ebrfshin koncerte solistike, performanca kamertale dhe mbr\u00ebmje t\u00eb ve\u00e7anta tematike.&hellip;<\/p>\n","protected":false},"author":3,"featured_media":77658,"comment_status":"closed","ping_status":"closed","sticky":false,"template":"","format":"standard","meta":{"_monsterinsights_skip_tracking":false,"_monsterinsights_sitenote_active":false,"_monsterinsights_sitenote_note":"","_monsterinsights_sitenote_category":0,"footnotes":""},"categories":[2],"tags":[],"class_list":["post-77657","post","type-post","status-publish","format-standard","has-post-thumbnail","hentry","category-news","category-2","description-off"],"_links":{"self":[{"href":"https:\/\/radiokfor.com\/1\/wp-json\/wp\/v2\/posts\/77657","targetHints":{"allow":["GET"]}}],"collection":[{"href":"https:\/\/radiokfor.com\/1\/wp-json\/wp\/v2\/posts"}],"about":[{"href":"https:\/\/radiokfor.com\/1\/wp-json\/wp\/v2\/types\/post"}],"author":[{"embeddable":true,"href":"https:\/\/radiokfor.com\/1\/wp-json\/wp\/v2\/users\/3"}],"replies":[{"embeddable":true,"href":"https:\/\/radiokfor.com\/1\/wp-json\/wp\/v2\/comments?post=77657"}],"version-history":[{"count":1,"href":"https:\/\/radiokfor.com\/1\/wp-json\/wp\/v2\/posts\/77657\/revisions"}],"predecessor-version":[{"id":77659,"href":"https:\/\/radiokfor.com\/1\/wp-json\/wp\/v2\/posts\/77657\/revisions\/77659"}],"wp:featuredmedia":[{"embeddable":true,"href":"https:\/\/radiokfor.com\/1\/wp-json\/wp\/v2\/media\/77658"}],"wp:attachment":[{"href":"https:\/\/radiokfor.com\/1\/wp-json\/wp\/v2\/media?parent=77657"}],"wp:term":[{"taxonomy":"category","embeddable":true,"href":"https:\/\/radiokfor.com\/1\/wp-json\/wp\/v2\/categories?post=77657"},{"taxonomy":"post_tag","embeddable":true,"href":"https:\/\/radiokfor.com\/1\/wp-json\/wp\/v2\/tags?post=77657"}],"curies":[{"name":"wp","href":"https:\/\/api.w.org\/{rel}","templated":true}]}}