{"id":77523,"date":"2026-03-15T06:05:21","date_gmt":"2026-03-15T05:05:21","guid":{"rendered":"https:\/\/radiokfor.com\/1\/?p=77523"},"modified":"2026-03-12T15:02:10","modified_gmt":"2026-03-12T14:02:10","slug":"nje-fjalim-i-mire-ka-fuqine-te-bashkoje-njerezit","status":"publish","type":"post","link":"https:\/\/radiokfor.com\/1\/nje-fjalim-i-mire-ka-fuqine-te-bashkoje-njerezit\/","title":{"rendered":"Nj\u00eb fjalim i mir\u00eb, ka fuqin\u00eb t\u00eb bashkoj\u00eb njer\u00ebzit"},"content":{"rendered":"<p>R\u00ebnd\u00ebsia e fjal\u00ebs s\u00eb lir\u00eb dhe fuqia e saj q\u00ebndron n\u00eb forcimin e demokracis\u00eb dhe n\u00eb krijimin e mir\u00ebkuptimit mes njer\u00ebzve, duke mobilizuar komunitetet dhe duke sjell\u00eb perspektiva t\u00eb reja q\u00eb mund t\u00eb \u00e7ojn\u00eb drejt ndryshimeve pozitive. Andaj p\u00ebr t\u00eb vler\u00ebsuar r\u00ebnd\u00ebsin\u00eb e fjal\u00ebs, data e sotme 15 mars, n\u00eb mbar\u00eb bot\u00ebn, sh\u00ebnon \u201cDit\u00ebn Bot\u00ebrore t\u00eb Fjalimit\u201d, nj\u00eb iniciativ\u00eb globale q\u00eb feston fuqin\u00eb e fjal\u00ebs dhe lirin\u00eb e shprehjes. Kjo dit\u00eb u themelua n\u00eb vitin 2015, nga Simon Gibson gjat\u00eb Forumit Demokratik t\u00eb Athin\u00ebs. N\u00eb m\u00eb shum\u00eb se 100 vende organizohen aktivitete t\u00eb ndryshme publike dhe virtuale, ku student\u00eb, debatues, lider\u00eb komuniteti dhe qytetar\u00eb t\u00eb zakonsh\u00ebm mbajn\u00eb fjalime q\u00eb synojn\u00eb t\u00eb frym\u00ebzojn\u00eb ndryshim dhe dialog n\u00eb t\u00eb mir\u00eb t\u00eb shoq\u00ebris\u00eb.<\/p>\n<p>N\u00eb nj\u00eb bot\u00eb ku z\u00ebrat shpesh mbeten t\u00eb pad\u00ebgjuar, \u201cDita Bot\u00ebrore e Fjalimit\u201d na sh\u00ebrben si nj\u00eb kujtes\u00eb e fuqishme se \u00e7do ide dhe \u00e7do fjal\u00eb ka vler\u00eb. Kjo dit\u00eb i fton njer\u00ebzit t\u00eb dalin p\u00ebrpara, t\u00eb ndajn\u00eb mendimet e tyre dhe t\u00eb besojn\u00eb se edhe nj\u00eb fjalim i vet\u00ebm mund t\u00eb ndez\u00eb nj\u00eb ide, t\u00eb frym\u00ebzoj\u00eb t\u00eb tjer\u00ebt dhe t\u00eb sjell\u00eb ndryshim p\u00ebr t\u00eb mir\u00eb n\u00eb dobi t\u00eb shoq\u00ebris\u00eb.<\/p>\n","protected":false},"excerpt":{"rendered":"<p>R\u00ebnd\u00ebsia e fjal\u00ebs s\u00eb lir\u00eb dhe fuqia e saj q\u00ebndron n\u00eb forcimin e demokracis\u00eb dhe n\u00eb krijimin e mir\u00ebkuptimit mes njer\u00ebzve, duke mobilizuar komunitetet dhe duke sjell\u00eb perspektiva t\u00eb reja q\u00eb mund t\u00eb \u00e7ojn\u00eb drejt ndryshimeve pozitive. Andaj p\u00ebr t\u00eb vler\u00ebsuar r\u00ebnd\u00ebsin\u00eb e fjal\u00ebs, data e sotme 15 mars, n\u00eb mbar\u00eb bot\u00ebn, sh\u00ebnon \u201cDit\u00ebn Bot\u00ebrore&hellip;<\/p>\n","protected":false},"author":3,"featured_media":77524,"comment_status":"closed","ping_status":"closed","sticky":false,"template":"","format":"standard","meta":{"_monsterinsights_skip_tracking":false,"_monsterinsights_sitenote_active":false,"_monsterinsights_sitenote_note":"","_monsterinsights_sitenote_category":0,"footnotes":""},"categories":[2],"tags":[],"class_list":["post-77523","post","type-post","status-publish","format-standard","has-post-thumbnail","hentry","category-news","category-2","description-off"],"_links":{"self":[{"href":"https:\/\/radiokfor.com\/1\/wp-json\/wp\/v2\/posts\/77523","targetHints":{"allow":["GET"]}}],"collection":[{"href":"https:\/\/radiokfor.com\/1\/wp-json\/wp\/v2\/posts"}],"about":[{"href":"https:\/\/radiokfor.com\/1\/wp-json\/wp\/v2\/types\/post"}],"author":[{"embeddable":true,"href":"https:\/\/radiokfor.com\/1\/wp-json\/wp\/v2\/users\/3"}],"replies":[{"embeddable":true,"href":"https:\/\/radiokfor.com\/1\/wp-json\/wp\/v2\/comments?post=77523"}],"version-history":[{"count":1,"href":"https:\/\/radiokfor.com\/1\/wp-json\/wp\/v2\/posts\/77523\/revisions"}],"predecessor-version":[{"id":77525,"href":"https:\/\/radiokfor.com\/1\/wp-json\/wp\/v2\/posts\/77523\/revisions\/77525"}],"wp:featuredmedia":[{"embeddable":true,"href":"https:\/\/radiokfor.com\/1\/wp-json\/wp\/v2\/media\/77524"}],"wp:attachment":[{"href":"https:\/\/radiokfor.com\/1\/wp-json\/wp\/v2\/media?parent=77523"}],"wp:term":[{"taxonomy":"category","embeddable":true,"href":"https:\/\/radiokfor.com\/1\/wp-json\/wp\/v2\/categories?post=77523"},{"taxonomy":"post_tag","embeddable":true,"href":"https:\/\/radiokfor.com\/1\/wp-json\/wp\/v2\/tags?post=77523"}],"curies":[{"name":"wp","href":"https:\/\/api.w.org\/{rel}","templated":true}]}}