{"id":77507,"date":"2026-03-10T06:00:33","date_gmt":"2026-03-10T05:00:33","guid":{"rendered":"https:\/\/radiokfor.com\/1\/?p=77507"},"modified":"2026-03-09T17:42:16","modified_gmt":"2026-03-09T16:42:16","slug":"baleti-kombetar-i-kosoves-sjell-premieren-terminal-ne-prishtine","status":"publish","type":"post","link":"https:\/\/radiokfor.com\/1\/baleti-kombetar-i-kosoves-sjell-premieren-terminal-ne-prishtine\/","title":{"rendered":"Baleti Komb\u00ebtar i Kosov\u00ebs sjell premier\u00ebn \u201cTerminal\u201d, n\u00eb Prishtin\u00eb"},"content":{"rendered":"<p>Baleti Komb\u00ebtar i Kosov\u00ebs vazhdon t\u00eb pasuroj\u00eb sken\u00ebn kulturore t\u00eb vendit me produksione bashk\u00ebkohore dhe bashk\u00ebpunime me koreograf\u00eb nd\u00ebrkomb\u00ebtar\u00eb. Si nj\u00eb nga institucionet m\u00eb t\u00eb r\u00ebnd\u00ebsishme t\u00eb artit skenik n\u00eb Kosov\u00eb, baleti ka luajtur rol ky\u00e7 n\u00eb zhvillimin dhe promovimin e artit t\u00eb vall\u00ebzimit, duke sjell\u00eb n\u00eb sken\u00eb shfaqje q\u00eb nd\u00ebrthurin tradit\u00ebn me qasjet moderne t\u00eb koreografis\u00eb.<\/p>\n<p>N\u00eb kuad\u00ebr t\u00eb programit t\u00eb tij artistik, Baleti Komb\u00ebtar i Kosov\u00ebs do t\u00eb prezantoj\u00eb shfaqjen e re \u201cTerminal\u201d, nj\u00eb produksion bashk\u00ebkohor q\u00eb pritet t\u00eb sjell\u00eb nj\u00eb p\u00ebrvoj\u00eb t\u00eb ve\u00e7ant\u00eb artistike p\u00ebr publikun. Shfaqja \u201cTerminal\u201d, me koreografi nga Evgeny Kolzov dhe Romane Petite, do t\u00eb shfaqet t\u00eb premten, m\u00eb 13 mars 2026, duke filluar nga ora 20:00, n\u00eb Amfiteatrin e Pallatit t\u00eb Rinis\u00eb dhe Sporteve n\u00eb Prishtin\u00eb.<\/p>\n<p>Publiku do t\u00eb ket\u00eb mund\u00ebsin\u00eb t\u00eb ndjek\u00eb nj\u00eb performanc\u00eb t\u00eb baletit bashk\u00ebkohor q\u00eb sjell n\u00eb sken\u00eb interpretimin artistik t\u00eb trup\u00ebs s\u00eb Baletit Komb\u00ebtar t\u00eb Kosov\u00ebs, n\u00ebn drejtimin koreografik t\u00eb dy artist\u00ebve nd\u00ebrkomb\u00ebtar\u00eb.<\/p>\n","protected":false},"excerpt":{"rendered":"<p>Baleti Komb\u00ebtar i Kosov\u00ebs vazhdon t\u00eb pasuroj\u00eb sken\u00ebn kulturore t\u00eb vendit me produksione bashk\u00ebkohore dhe bashk\u00ebpunime me koreograf\u00eb nd\u00ebrkomb\u00ebtar\u00eb. Si nj\u00eb nga institucionet m\u00eb t\u00eb r\u00ebnd\u00ebsishme t\u00eb artit skenik n\u00eb Kosov\u00eb, baleti ka luajtur rol ky\u00e7 n\u00eb zhvillimin dhe promovimin e artit t\u00eb vall\u00ebzimit, duke sjell\u00eb n\u00eb sken\u00eb shfaqje q\u00eb nd\u00ebrthurin tradit\u00ebn me qasjet moderne&hellip;<\/p>\n","protected":false},"author":3,"featured_media":77508,"comment_status":"closed","ping_status":"closed","sticky":false,"template":"","format":"standard","meta":{"_monsterinsights_skip_tracking":false,"_monsterinsights_sitenote_active":false,"_monsterinsights_sitenote_note":"","_monsterinsights_sitenote_category":0,"footnotes":""},"categories":[2],"tags":[],"class_list":["post-77507","post","type-post","status-publish","format-standard","has-post-thumbnail","hentry","category-news","category-2","description-off"],"_links":{"self":[{"href":"https:\/\/radiokfor.com\/1\/wp-json\/wp\/v2\/posts\/77507","targetHints":{"allow":["GET"]}}],"collection":[{"href":"https:\/\/radiokfor.com\/1\/wp-json\/wp\/v2\/posts"}],"about":[{"href":"https:\/\/radiokfor.com\/1\/wp-json\/wp\/v2\/types\/post"}],"author":[{"embeddable":true,"href":"https:\/\/radiokfor.com\/1\/wp-json\/wp\/v2\/users\/3"}],"replies":[{"embeddable":true,"href":"https:\/\/radiokfor.com\/1\/wp-json\/wp\/v2\/comments?post=77507"}],"version-history":[{"count":1,"href":"https:\/\/radiokfor.com\/1\/wp-json\/wp\/v2\/posts\/77507\/revisions"}],"predecessor-version":[{"id":77509,"href":"https:\/\/radiokfor.com\/1\/wp-json\/wp\/v2\/posts\/77507\/revisions\/77509"}],"wp:featuredmedia":[{"embeddable":true,"href":"https:\/\/radiokfor.com\/1\/wp-json\/wp\/v2\/media\/77508"}],"wp:attachment":[{"href":"https:\/\/radiokfor.com\/1\/wp-json\/wp\/v2\/media?parent=77507"}],"wp:term":[{"taxonomy":"category","embeddable":true,"href":"https:\/\/radiokfor.com\/1\/wp-json\/wp\/v2\/categories?post=77507"},{"taxonomy":"post_tag","embeddable":true,"href":"https:\/\/radiokfor.com\/1\/wp-json\/wp\/v2\/tags?post=77507"}],"curies":[{"name":"wp","href":"https:\/\/api.w.org\/{rel}","templated":true}]}}