{"id":77494,"date":"2026-03-07T06:02:03","date_gmt":"2026-03-07T05:02:03","guid":{"rendered":"https:\/\/radiokfor.com\/1\/?p=77494"},"modified":"2026-03-05T11:16:57","modified_gmt":"2026-03-05T10:16:57","slug":"urime-7-marsi","status":"publish","type":"post","link":"https:\/\/radiokfor.com\/1\/urime-7-marsi\/","title":{"rendered":"Urime \u20187 Marsi\u2019!"},"content":{"rendered":"<p>\u00c7do vit, m\u00eb 7 mars, sh\u00ebnohet \u201cDita e M\u00ebsuesit\u201d, nj\u00eb moment p\u00ebr t\u00eb vler\u00ebsuar rolin e arsimit dhe p\u00ebrkushtimin e m\u00ebsuesve n\u00eb formimin e gjeneratave t\u00eb reja. Kjo dit\u00eb sh\u00ebnohet duke kujtuar 7 marsin e vitit 1887, kur n\u00eb Kor\u00e7\u00eb u hap shkolla e par\u00eb n\u00eb gjuh\u00ebn shqipe, me drejtor patriotin dhe m\u00ebsuesin, Pandeli Sotiri. P\u00ebrve\u00e7 Pandeli Sotirit, hapja e M\u00ebsonj\u00ebtores s\u00eb Par\u00eb Shqipe u ndihmua edhe nga Petro Nini Luarasi,<\/p>\n<p>Thimi Mitko dhe Naum Veqilharxhi, t\u00eb cil\u00ebt ndihmuan me ide, libra dhe mb\u00ebshtetje financiare p\u00ebr p\u00ebrhapjen e arsimit n\u00eb shqip. Sot, M\u00ebsonj\u00ebtorja e Par\u00eb Shqipe \u00ebsht\u00eb muze i arsimit shqiptar dhe kujton fillimin e arsimit n\u00eb gjuh\u00ebn shqipe.<\/p>\n<p>N\u00eb nj\u00eb koh\u00eb kur arsimi po p\u00ebrballet me sfida t\u00eb reja, nga ndryshimet teknologjike deri te nevoja p\u00ebr metoda m\u00eb bashk\u00ebkohore t\u00eb m\u00ebsimdh\u00ebnies, m\u00ebsuesit mbeten faktor ky\u00e7 n\u00eb nxitjen e mendimit kritik, kreativitetit dhe aft\u00ebsive q\u00eb nx\u00ebn\u00ebsit do t\u2019i p\u00ebrdorin gjat\u00eb gjith\u00eb jet\u00ebs. Sot, m\u00eb shum\u00eb se kurr\u00eb, v\u00ebmendja \u00ebsht\u00eb te cil\u00ebsia e arsimit dhe te rezultatet q\u00eb arrihen n\u00eb klas\u00eb. N\u00eb k\u00ebt\u00eb proces, m\u00ebsuesit luajn\u00eb nj\u00eb rol t\u00eb r\u00ebnd\u00ebsish\u00ebm n\u00eb motivimin e nx\u00ebn\u00ebsve p\u00ebr t\u00eb m\u00ebsuar, p\u00ebr t\u00eb eksploruar ide t\u00eb reja dhe p\u00ebr t\u00eb nd\u00ebrtuar nj\u00eb t\u00eb ardhme t\u00eb bazuar n\u00eb dije.<\/p>\n<p>Sh\u00ebnimi i \u201c7 Marsit \u2013 Dit\u00ebs s\u00eb M\u00ebsuesit\u201d, nderon t\u00eb gjith\u00eb m\u00ebsuesit p\u00ebr kontributin e tyre n\u00eb edukimin e brezave.<\/p>\n<p>&nbsp;<\/p>\n","protected":false},"excerpt":{"rendered":"<p>\u00c7do vit, m\u00eb 7 mars, sh\u00ebnohet \u201cDita e M\u00ebsuesit\u201d, nj\u00eb moment p\u00ebr t\u00eb vler\u00ebsuar rolin e arsimit dhe p\u00ebrkushtimin e m\u00ebsuesve n\u00eb formimin e gjeneratave t\u00eb reja. Kjo dit\u00eb sh\u00ebnohet duke kujtuar 7 marsin e vitit 1887, kur n\u00eb Kor\u00e7\u00eb u hap shkolla e par\u00eb n\u00eb gjuh\u00ebn shqipe, me drejtor patriotin dhe m\u00ebsuesin, Pandeli Sotiri.&hellip;<\/p>\n","protected":false},"author":3,"featured_media":77495,"comment_status":"closed","ping_status":"closed","sticky":false,"template":"","format":"standard","meta":{"_monsterinsights_skip_tracking":false,"_monsterinsights_sitenote_active":false,"_monsterinsights_sitenote_note":"","_monsterinsights_sitenote_category":0,"footnotes":""},"categories":[2],"tags":[],"class_list":["post-77494","post","type-post","status-publish","format-standard","has-post-thumbnail","hentry","category-news","category-2","description-off"],"_links":{"self":[{"href":"https:\/\/radiokfor.com\/1\/wp-json\/wp\/v2\/posts\/77494","targetHints":{"allow":["GET"]}}],"collection":[{"href":"https:\/\/radiokfor.com\/1\/wp-json\/wp\/v2\/posts"}],"about":[{"href":"https:\/\/radiokfor.com\/1\/wp-json\/wp\/v2\/types\/post"}],"author":[{"embeddable":true,"href":"https:\/\/radiokfor.com\/1\/wp-json\/wp\/v2\/users\/3"}],"replies":[{"embeddable":true,"href":"https:\/\/radiokfor.com\/1\/wp-json\/wp\/v2\/comments?post=77494"}],"version-history":[{"count":1,"href":"https:\/\/radiokfor.com\/1\/wp-json\/wp\/v2\/posts\/77494\/revisions"}],"predecessor-version":[{"id":77496,"href":"https:\/\/radiokfor.com\/1\/wp-json\/wp\/v2\/posts\/77494\/revisions\/77496"}],"wp:featuredmedia":[{"embeddable":true,"href":"https:\/\/radiokfor.com\/1\/wp-json\/wp\/v2\/media\/77495"}],"wp:attachment":[{"href":"https:\/\/radiokfor.com\/1\/wp-json\/wp\/v2\/media?parent=77494"}],"wp:term":[{"taxonomy":"category","embeddable":true,"href":"https:\/\/radiokfor.com\/1\/wp-json\/wp\/v2\/categories?post=77494"},{"taxonomy":"post_tag","embeddable":true,"href":"https:\/\/radiokfor.com\/1\/wp-json\/wp\/v2\/tags?post=77494"}],"curies":[{"name":"wp","href":"https:\/\/api.w.org\/{rel}","templated":true}]}}